{"id":50490,"date":"2025-01-17T09:34:39","date_gmt":"2025-01-17T09:34:39","guid":{"rendered":"https:\/\/www.babcock-wanson.com\/2025\/01\/17\/die-babcock-wanson-group-tritt-dem-global-compact-der-vereinten-nationen-bei\/"},"modified":"2025-01-17T09:34:39","modified_gmt":"2025-01-17T09:34:39","slug":"die-babcock-wanson-group-tritt-dem-global-compact-der-vereinten-nationen-bei","status":"publish","type":"post","link":"https:\/\/www.babcock-wanson.com\/de\/2025\/01\/17\/die-babcock-wanson-group-tritt-dem-global-compact-der-vereinten-nationen-bei\/","title":{"rendered":"Die Babcock Wanson Group tritt dem Global Compact der Vereinten Nationen bei"},"content":{"rendered":"<div class=\"vgblk-rw-wrapper limit-wrapper\">Ende 2023 ist die Babcock Wanson Group dem <a href=\"https:\/\/unglobalcompact.org\/\" target=\"_blank\" rel=\"noopener\">Global Compact der Vereinten Nationen<\/a> beigetreten, der gr\u00f6\u00dften internationalen Initiative f\u00fcr nachhaltige Entwicklung und soziale Verantwortung von Unternehmen.<\/p>\n<p><img loading=\"lazy\" decoding=\"async\" class=\"size-medium wp-image-47102\" src=\"https:\/\/www.babcock-wanson.com\/wp-content\/uploads\/2024\/01\/Endorser-Logo_solid_blue_RGB-256x300.jpg\" alt=\"United Nations Global Compact \u2013 Logo\" width=\"256\" height=\"300\" srcset=\"https:\/\/www.babcock-wanson.com\/wp-content\/uploads\/2024\/01\/Endorser-Logo_solid_blue_RGB-256x300.jpg 256w, https:\/\/www.babcock-wanson.com\/wp-content\/uploads\/2024\/01\/Endorser-Logo_solid_blue_RGB-420x492.jpg 420w, https:\/\/www.babcock-wanson.com\/wp-content\/uploads\/2024\/01\/Endorser-Logo_solid_blue_RGB-630x739.jpg 630w, https:\/\/www.babcock-wanson.com\/wp-content\/uploads\/2024\/01\/Endorser-Logo_solid_blue_RGB-85x100.jpg 85w, https:\/\/www.babcock-wanson.com\/wp-content\/uploads\/2024\/01\/Endorser-Logo_solid_blue_RGB-315x369.jpg 315w, https:\/\/www.babcock-wanson.com\/wp-content\/uploads\/2024\/01\/Endorser-Logo_solid_blue_RGB.jpg 696w\" sizes=\"auto, (max-width: 256px) 100vw, 256px\" \/><\/p>\n<p><strong>Der Global Compact ist ein Aufruf an Unternehmen auf der ganzen Welt, ihre Praktiken und Strategien an zehn universellen Prinzipien aus den Grundlagentexten der Vereinten Nationen<\/strong> in den Bereichen Menschenrechte, Arbeitsrecht, Umwelt und Korruptionsbek\u00e4mpfung auszurichten.<\/p>\n<p>Durch den Beitritt zum Global Compact verpflichten wir uns, <strong>diese Prinzipien zu respektieren und zur Erreichung der 17 Ziele f\u00fcr nachhaltige Entwicklung (SDGs) beizutragen<\/strong>, die darauf abzielen, die dringendsten sozialen und \u00f6kologischen Herausforderungen unserer Zeit zu bew\u00e4ltigen.<\/p>\n<p><img loading=\"lazy\" decoding=\"async\" class=\"wp-image-47109 size-full\" src=\"https:\/\/www.babcock-wanson.com\/wp-content\/uploads\/2024\/01\/Pacte-Mondial-ONU.png\" alt=\"Global Compact der Vereinten Nationen \u2013 Nachhaltige Ziele\" width=\"897\" height=\"556\" srcset=\"https:\/\/www.babcock-wanson.com\/wp-content\/uploads\/2024\/01\/Pacte-Mondial-ONU.png 897w, https:\/\/www.babcock-wanson.com\/wp-content\/uploads\/2024\/01\/Pacte-Mondial-ONU-420x260.png 420w, https:\/\/www.babcock-wanson.com\/wp-content\/uploads\/2024\/01\/Pacte-Mondial-ONU-630x391.png 630w, https:\/\/www.babcock-wanson.com\/wp-content\/uploads\/2024\/01\/Pacte-Mondial-ONU-300x186.png 300w, https:\/\/www.babcock-wanson.com\/wp-content\/uploads\/2024\/01\/Pacte-Mondial-ONU-768x476.png 768w, https:\/\/www.babcock-wanson.com\/wp-content\/uploads\/2024\/01\/Pacte-Mondial-ONU-100x62.png 100w, https:\/\/www.babcock-wanson.com\/wp-content\/uploads\/2024\/01\/Pacte-Mondial-ONU-840x521.png 840w, https:\/\/www.babcock-wanson.com\/wp-content\/uploads\/2024\/01\/Pacte-Mondial-ONU-315x195.png 315w\" sizes=\"auto, (max-width: 897px) 100vw, 897px\" \/><\/p>\n<p>Dies steht im Einklang mit unserem Daseinszweck, der auf unserem Engagement beruht, die Welt zu einem besseren Ort zu machen, indem wir eine starke Kraft f\u00fcr die Energiewende in der Industrie sind.<\/p>\n<p>Durch den Beitritt zum Global Compact werden wir Teil eines Netzwerks von \u00fcber 19.000 Mitgliedern in 164 L\u00e4ndern, die die gleiche Vision einer nachhaltigeren und integrativeren Welt teilen.<\/p>\n<p>Dieses Netzwerk bietet uns einen Rahmen f\u00fcr Austausch und Lernen sowie Instrumente und Ressourcen, um unsere CSR-Leistung zu st\u00e4rken und \u00fcber unsere Fortschritte zu berichten.<\/p>\n<p>Die Babcock Wanson Group, ein wichtiger europ\u00e4ischer Akteur im Bereich der Energiewende und Lieferant von Ausr\u00fcstung und L\u00f6sungen f\u00fcr industrielle Kesselr\u00e4ume, freut sich, diesen n\u00e4chsten Schritt in unserem Engagement f\u00fcr Verantwortung zu gehen.<\/p><\/div>\n<p><!-- .vgblk-rw-wrapper --><\/p>\n","protected":false},"excerpt":{"rendered":"<p>Ende 2023 ist die Babcock Wanson Group dem Global Compact der Vereinten Nationen beigetreten, der gr\u00f6\u00dften internationalen Initiative f\u00fcr nachhaltige Entwicklung und soziale Verantwortung von Unternehmen. Der Global Compact ist ein Aufruf an Unternehmen auf der ganzen Welt, ihre Praktiken und Strategien an zehn universellen Prinzipien aus den Grundlagentexten der Vereinten Nationen in den Bereichen&#8230;<\/p>\n","protected":false},"author":29262,"featured_media":50495,"comment_status":"closed","ping_status":"open","sticky":false,"template":"","format":"standard","meta":{"_acf_changed":false,"_relevanssi_hide_post":"","_relevanssi_hide_content":"","_relevanssi_pin_for_all":"","_relevanssi_pin_keywords":"","_relevanssi_unpin_keywords":"","_relevanssi_related_keywords":"","_relevanssi_related_include_ids":"","_relevanssi_related_exclude_ids":"","_relevanssi_related_no_append":"","_relevanssi_related_not_related":"","_relevanssi_related_posts":"","_relevanssi_noindex_reason":"","_jetpack_memberships_contains_paid_content":false,"footnotes":""},"categories":[6524],"tags":[6526],"class_list":["post-50490","post","type-post","status-publish","format-standard","has-post-thumbnail","hentry","category-neuigkeiten-pressemitteilungen","tag-vorgestellt"],"acf":[],"yoast_head":"<!-- This site is optimized with the Yoast SEO Premium plugin v27.4 (Yoast SEO v27.4) - https:\/\/yoast.com\/product\/yoast-seo-premium-wordpress\/ -->\n<title>Die Babcock Wanson Group tritt dem Global Compact der Vereinten Nationen bei - Babcock Wanson<\/title>\n<meta name=\"description\" content=\"Die Babcock Wanson Group tritt dem Global Compact der Vereinten Nationen bei, der gr\u00f6\u00dften internationalen Initiative f\u00fcr nachhaltige Entwicklung und soziale Verantwortung von Unternehmen.\" \/>\n<meta name=\"robots\" content=\"index, follow, max-snippet:-1, max-image-preview:large, max-video-preview:-1\" \/>\n<link rel=\"canonical\" href=\"https:\/\/www.babcock-wanson.com\/de\/2025\/01\/17\/die-babcock-wanson-group-tritt-dem-global-compact-der-vereinten-nationen-bei\/\" \/>\n<meta property=\"og:locale\" content=\"de_DE\" \/>\n<meta property=\"og:type\" content=\"article\" \/>\n<meta property=\"og:title\" content=\"Die Babcock Wanson Group tritt dem Global Compact der Vereinten Nationen bei\" \/>\n<meta property=\"og:description\" content=\"Die Babcock Wanson Group tritt dem Global Compact der Vereinten Nationen bei, der gr\u00f6\u00dften internationalen Initiative f\u00fcr nachhaltige Entwicklung und soziale Verantwortung von Unternehmen.\" \/>\n<meta property=\"og:url\" content=\"https:\/\/www.babcock-wanson.com\/de\/2025\/01\/17\/die-babcock-wanson-group-tritt-dem-global-compact-der-vereinten-nationen-bei\/\" \/>\n<meta property=\"og:site_name\" content=\"Babcock Wanson\" \/>\n<meta property=\"article:published_time\" content=\"2025-01-17T09:34:39+00:00\" \/>\n<meta property=\"og:image\" content=\"https:\/\/www.babcock-wanson.com\/wp-content\/uploads\/2024\/01\/Pacte-Mondial-ONU.png\" \/>\n\t<meta property=\"og:image:width\" content=\"897\" \/>\n\t<meta property=\"og:image:height\" content=\"556\" \/>\n\t<meta property=\"og:image:type\" content=\"image\/png\" \/>\n<meta name=\"author\" content=\"fbarry\" \/>\n<meta name=\"twitter:card\" content=\"summary_large_image\" \/>\n<meta name=\"twitter:label1\" content=\"Written by\" \/>\n\t<meta name=\"twitter:data1\" content=\"fbarry\" \/>\n\t<meta name=\"twitter:label2\" content=\"Est. reading time\" \/>\n\t<meta name=\"twitter:data2\" content=\"1 Minute\" \/>\n<script type=\"application\/ld+json\" class=\"yoast-schema-graph\">{\"@context\":\"https:\\\/\\\/schema.org\",\"@graph\":[{\"@type\":\"Article\",\"@id\":\"https:\\\/\\\/www.babcock-wanson.com\\\/de\\\/2025\\\/01\\\/17\\\/die-babcock-wanson-group-tritt-dem-global-compact-der-vereinten-nationen-bei\\\/#article\",\"isPartOf\":{\"@id\":\"https:\\\/\\\/www.babcock-wanson.com\\\/de\\\/2025\\\/01\\\/17\\\/die-babcock-wanson-group-tritt-dem-global-compact-der-vereinten-nationen-bei\\\/\"},\"author\":{\"name\":\"fbarry\",\"@id\":\"https:\\\/\\\/www.babcock-wanson.com\\\/de\\\/#\\\/schema\\\/person\\\/a350b802524c3662580cafeebe8ce4e9\"},\"headline\":\"Die Babcock Wanson Group tritt dem Global Compact der Vereinten Nationen bei\",\"datePublished\":\"2025-01-17T09:34:39+00:00\",\"mainEntityOfPage\":{\"@id\":\"https:\\\/\\\/www.babcock-wanson.com\\\/de\\\/2025\\\/01\\\/17\\\/die-babcock-wanson-group-tritt-dem-global-compact-der-vereinten-nationen-bei\\\/\"},\"wordCount\":240,\"publisher\":{\"@id\":\"https:\\\/\\\/www.babcock-wanson.com\\\/de\\\/#organization\"},\"image\":{\"@id\":\"https:\\\/\\\/www.babcock-wanson.com\\\/de\\\/2025\\\/01\\\/17\\\/die-babcock-wanson-group-tritt-dem-global-compact-der-vereinten-nationen-bei\\\/#primaryimage\"},\"thumbnailUrl\":\"https:\\\/\\\/www.babcock-wanson.com\\\/wp-content\\\/uploads\\\/2024\\\/01\\\/Pacte-Mondial-ONU.png\",\"keywords\":[\"Vorgestellt\"],\"articleSection\":[\"Neuigkeiten &amp; Pressemitteilungen\"],\"inLanguage\":\"de-DE\"},{\"@type\":\"WebPage\",\"@id\":\"https:\\\/\\\/www.babcock-wanson.com\\\/de\\\/2025\\\/01\\\/17\\\/die-babcock-wanson-group-tritt-dem-global-compact-der-vereinten-nationen-bei\\\/\",\"url\":\"https:\\\/\\\/www.babcock-wanson.com\\\/de\\\/2025\\\/01\\\/17\\\/die-babcock-wanson-group-tritt-dem-global-compact-der-vereinten-nationen-bei\\\/\",\"name\":\"Die Babcock Wanson Group tritt dem Global Compact der Vereinten Nationen bei - Babcock Wanson\",\"isPartOf\":{\"@id\":\"https:\\\/\\\/www.babcock-wanson.com\\\/de\\\/#website\"},\"primaryImageOfPage\":{\"@id\":\"https:\\\/\\\/www.babcock-wanson.com\\\/de\\\/2025\\\/01\\\/17\\\/die-babcock-wanson-group-tritt-dem-global-compact-der-vereinten-nationen-bei\\\/#primaryimage\"},\"image\":{\"@id\":\"https:\\\/\\\/www.babcock-wanson.com\\\/de\\\/2025\\\/01\\\/17\\\/die-babcock-wanson-group-tritt-dem-global-compact-der-vereinten-nationen-bei\\\/#primaryimage\"},\"thumbnailUrl\":\"https:\\\/\\\/www.babcock-wanson.com\\\/wp-content\\\/uploads\\\/2024\\\/01\\\/Pacte-Mondial-ONU.png\",\"datePublished\":\"2025-01-17T09:34:39+00:00\",\"description\":\"Die Babcock Wanson Group tritt dem Global Compact der Vereinten Nationen bei, der gr\u00f6\u00dften internationalen Initiative f\u00fcr nachhaltige Entwicklung und soziale Verantwortung von Unternehmen.\",\"breadcrumb\":{\"@id\":\"https:\\\/\\\/www.babcock-wanson.com\\\/de\\\/2025\\\/01\\\/17\\\/die-babcock-wanson-group-tritt-dem-global-compact-der-vereinten-nationen-bei\\\/#breadcrumb\"},\"inLanguage\":\"de-DE\",\"potentialAction\":[{\"@type\":\"ReadAction\",\"target\":[\"https:\\\/\\\/www.babcock-wanson.com\\\/de\\\/2025\\\/01\\\/17\\\/die-babcock-wanson-group-tritt-dem-global-compact-der-vereinten-nationen-bei\\\/\"]}]},{\"@type\":\"ImageObject\",\"inLanguage\":\"de-DE\",\"@id\":\"https:\\\/\\\/www.babcock-wanson.com\\\/de\\\/2025\\\/01\\\/17\\\/die-babcock-wanson-group-tritt-dem-global-compact-der-vereinten-nationen-bei\\\/#primaryimage\",\"url\":\"https:\\\/\\\/www.babcock-wanson.com\\\/wp-content\\\/uploads\\\/2024\\\/01\\\/Pacte-Mondial-ONU.png\",\"contentUrl\":\"https:\\\/\\\/www.babcock-wanson.com\\\/wp-content\\\/uploads\\\/2024\\\/01\\\/Pacte-Mondial-ONU.png\",\"width\":897,\"height\":556,\"caption\":\"United Nations Global Compact - Sustainable Goals\"},{\"@type\":\"BreadcrumbList\",\"@id\":\"https:\\\/\\\/www.babcock-wanson.com\\\/de\\\/2025\\\/01\\\/17\\\/die-babcock-wanson-group-tritt-dem-global-compact-der-vereinten-nationen-bei\\\/#breadcrumb\",\"itemListElement\":[{\"@type\":\"ListItem\",\"position\":1,\"name\":\"Inicio\",\"item\":\"https:\\\/\\\/www.babcock-wanson.com\\\/de\\\/\"},{\"@type\":\"ListItem\",\"position\":2,\"name\":\"Die Babcock Wanson Group tritt dem Global Compact der Vereinten Nationen bei\"}]},{\"@type\":\"WebSite\",\"@id\":\"https:\\\/\\\/www.babcock-wanson.com\\\/de\\\/#website\",\"url\":\"https:\\\/\\\/www.babcock-wanson.com\\\/de\\\/\",\"name\":\"Babcock Wanson\",\"description\":\"\",\"publisher\":{\"@id\":\"https:\\\/\\\/www.babcock-wanson.com\\\/de\\\/#organization\"},\"potentialAction\":[{\"@type\":\"SearchAction\",\"target\":{\"@type\":\"EntryPoint\",\"urlTemplate\":\"https:\\\/\\\/www.babcock-wanson.com\\\/de\\\/?s={search_term_string}\"},\"query-input\":{\"@type\":\"PropertyValueSpecification\",\"valueRequired\":true,\"valueName\":\"search_term_string\"}}],\"inLanguage\":\"de-DE\"},{\"@type\":\"Organization\",\"@id\":\"https:\\\/\\\/www.babcock-wanson.com\\\/de\\\/#organization\",\"name\":\"Babcock Wanson\",\"url\":\"https:\\\/\\\/www.babcock-wanson.com\\\/de\\\/\",\"logo\":{\"@type\":\"ImageObject\",\"inLanguage\":\"de-DE\",\"@id\":\"https:\\\/\\\/www.babcock-wanson.com\\\/de\\\/#\\\/schema\\\/logo\\\/image\\\/\",\"url\":\"https:\\\/\\\/www.babcock-wanson.com\\\/wp-content\\\/uploads\\\/2024\\\/02\\\/Babcock-Wanson-1200x1200-1.png\",\"contentUrl\":\"https:\\\/\\\/www.babcock-wanson.com\\\/wp-content\\\/uploads\\\/2024\\\/02\\\/Babcock-Wanson-1200x1200-1.png\",\"width\":1200,\"height\":1200,\"caption\":\"Babcock Wanson\"},\"image\":{\"@id\":\"https:\\\/\\\/www.babcock-wanson.com\\\/de\\\/#\\\/schema\\\/logo\\\/image\\\/\"},\"sameAs\":[\"https:\\\/\\\/www.linkedin.com\\\/company\\\/babcock-wanson\\\/\",\"https:\\\/\\\/www.youtube.com\\\/channel\\\/UCtxl25VieBBsP2kYmtlyv7A\"]},{\"@type\":\"Person\",\"@id\":\"https:\\\/\\\/www.babcock-wanson.com\\\/de\\\/#\\\/schema\\\/person\\\/a350b802524c3662580cafeebe8ce4e9\",\"name\":\"fbarry\",\"image\":{\"@type\":\"ImageObject\",\"inLanguage\":\"de-DE\",\"@id\":\"https:\\\/\\\/secure.gravatar.com\\\/avatar\\\/4fd6dfc5089082b83cfc68e1102dc90131769ff6d8c9457c6e98942b558a407f?s=96&d=mm&r=g\",\"url\":\"https:\\\/\\\/secure.gravatar.com\\\/avatar\\\/4fd6dfc5089082b83cfc68e1102dc90131769ff6d8c9457c6e98942b558a407f?s=96&d=mm&r=g\",\"contentUrl\":\"https:\\\/\\\/secure.gravatar.com\\\/avatar\\\/4fd6dfc5089082b83cfc68e1102dc90131769ff6d8c9457c6e98942b558a407f?s=96&d=mm&r=g\",\"caption\":\"fbarry\"}}]}<\/script>\n<!-- \/ Yoast SEO Premium plugin. -->","yoast_head_json":{"title":"Die Babcock Wanson Group tritt dem Global Compact der Vereinten Nationen bei - Babcock Wanson","description":"Die Babcock Wanson Group tritt dem Global Compact der Vereinten Nationen bei, der gr\u00f6\u00dften internationalen Initiative f\u00fcr nachhaltige Entwicklung und soziale Verantwortung von Unternehmen.","robots":{"index":"index","follow":"follow","max-snippet":"max-snippet:-1","max-image-preview":"max-image-preview:large","max-video-preview":"max-video-preview:-1"},"canonical":"https:\/\/www.babcock-wanson.com\/de\/2025\/01\/17\/die-babcock-wanson-group-tritt-dem-global-compact-der-vereinten-nationen-bei\/","og_locale":"de_DE","og_type":"article","og_title":"Die Babcock Wanson Group tritt dem Global Compact der Vereinten Nationen bei","og_description":"Die Babcock Wanson Group tritt dem Global Compact der Vereinten Nationen bei, der gr\u00f6\u00dften internationalen Initiative f\u00fcr nachhaltige Entwicklung und soziale Verantwortung von Unternehmen.","og_url":"https:\/\/www.babcock-wanson.com\/de\/2025\/01\/17\/die-babcock-wanson-group-tritt-dem-global-compact-der-vereinten-nationen-bei\/","og_site_name":"Babcock Wanson","article_published_time":"2025-01-17T09:34:39+00:00","og_image":[{"width":897,"height":556,"url":"https:\/\/www.babcock-wanson.com\/wp-content\/uploads\/2024\/01\/Pacte-Mondial-ONU.png","type":"image\/png"}],"author":"fbarry","twitter_card":"summary_large_image","twitter_misc":{"Written by":"fbarry","Est. reading time":"1 Minute"},"schema":{"@context":"https:\/\/schema.org","@graph":[{"@type":"Article","@id":"https:\/\/www.babcock-wanson.com\/de\/2025\/01\/17\/die-babcock-wanson-group-tritt-dem-global-compact-der-vereinten-nationen-bei\/#article","isPartOf":{"@id":"https:\/\/www.babcock-wanson.com\/de\/2025\/01\/17\/die-babcock-wanson-group-tritt-dem-global-compact-der-vereinten-nationen-bei\/"},"author":{"name":"fbarry","@id":"https:\/\/www.babcock-wanson.com\/de\/#\/schema\/person\/a350b802524c3662580cafeebe8ce4e9"},"headline":"Die Babcock Wanson Group tritt dem Global Compact der Vereinten Nationen bei","datePublished":"2025-01-17T09:34:39+00:00","mainEntityOfPage":{"@id":"https:\/\/www.babcock-wanson.com\/de\/2025\/01\/17\/die-babcock-wanson-group-tritt-dem-global-compact-der-vereinten-nationen-bei\/"},"wordCount":240,"publisher":{"@id":"https:\/\/www.babcock-wanson.com\/de\/#organization"},"image":{"@id":"https:\/\/www.babcock-wanson.com\/de\/2025\/01\/17\/die-babcock-wanson-group-tritt-dem-global-compact-der-vereinten-nationen-bei\/#primaryimage"},"thumbnailUrl":"https:\/\/www.babcock-wanson.com\/wp-content\/uploads\/2024\/01\/Pacte-Mondial-ONU.png","keywords":["Vorgestellt"],"articleSection":["Neuigkeiten &amp; Pressemitteilungen"],"inLanguage":"de-DE"},{"@type":"WebPage","@id":"https:\/\/www.babcock-wanson.com\/de\/2025\/01\/17\/die-babcock-wanson-group-tritt-dem-global-compact-der-vereinten-nationen-bei\/","url":"https:\/\/www.babcock-wanson.com\/de\/2025\/01\/17\/die-babcock-wanson-group-tritt-dem-global-compact-der-vereinten-nationen-bei\/","name":"Die Babcock Wanson Group tritt dem Global Compact der Vereinten Nationen bei - Babcock Wanson","isPartOf":{"@id":"https:\/\/www.babcock-wanson.com\/de\/#website"},"primaryImageOfPage":{"@id":"https:\/\/www.babcock-wanson.com\/de\/2025\/01\/17\/die-babcock-wanson-group-tritt-dem-global-compact-der-vereinten-nationen-bei\/#primaryimage"},"image":{"@id":"https:\/\/www.babcock-wanson.com\/de\/2025\/01\/17\/die-babcock-wanson-group-tritt-dem-global-compact-der-vereinten-nationen-bei\/#primaryimage"},"thumbnailUrl":"https:\/\/www.babcock-wanson.com\/wp-content\/uploads\/2024\/01\/Pacte-Mondial-ONU.png","datePublished":"2025-01-17T09:34:39+00:00","description":"Die Babcock Wanson Group tritt dem Global Compact der Vereinten Nationen bei, der gr\u00f6\u00dften internationalen Initiative f\u00fcr nachhaltige Entwicklung und soziale Verantwortung von Unternehmen.","breadcrumb":{"@id":"https:\/\/www.babcock-wanson.com\/de\/2025\/01\/17\/die-babcock-wanson-group-tritt-dem-global-compact-der-vereinten-nationen-bei\/#breadcrumb"},"inLanguage":"de-DE","potentialAction":[{"@type":"ReadAction","target":["https:\/\/www.babcock-wanson.com\/de\/2025\/01\/17\/die-babcock-wanson-group-tritt-dem-global-compact-der-vereinten-nationen-bei\/"]}]},{"@type":"ImageObject","inLanguage":"de-DE","@id":"https:\/\/www.babcock-wanson.com\/de\/2025\/01\/17\/die-babcock-wanson-group-tritt-dem-global-compact-der-vereinten-nationen-bei\/#primaryimage","url":"https:\/\/www.babcock-wanson.com\/wp-content\/uploads\/2024\/01\/Pacte-Mondial-ONU.png","contentUrl":"https:\/\/www.babcock-wanson.com\/wp-content\/uploads\/2024\/01\/Pacte-Mondial-ONU.png","width":897,"height":556,"caption":"United Nations Global Compact - Sustainable Goals"},{"@type":"BreadcrumbList","@id":"https:\/\/www.babcock-wanson.com\/de\/2025\/01\/17\/die-babcock-wanson-group-tritt-dem-global-compact-der-vereinten-nationen-bei\/#breadcrumb","itemListElement":[{"@type":"ListItem","position":1,"name":"Inicio","item":"https:\/\/www.babcock-wanson.com\/de\/"},{"@type":"ListItem","position":2,"name":"Die Babcock Wanson Group tritt dem Global Compact der Vereinten Nationen bei"}]},{"@type":"WebSite","@id":"https:\/\/www.babcock-wanson.com\/de\/#website","url":"https:\/\/www.babcock-wanson.com\/de\/","name":"Babcock Wanson","description":"","publisher":{"@id":"https:\/\/www.babcock-wanson.com\/de\/#organization"},"potentialAction":[{"@type":"SearchAction","target":{"@type":"EntryPoint","urlTemplate":"https:\/\/www.babcock-wanson.com\/de\/?s={search_term_string}"},"query-input":{"@type":"PropertyValueSpecification","valueRequired":true,"valueName":"search_term_string"}}],"inLanguage":"de-DE"},{"@type":"Organization","@id":"https:\/\/www.babcock-wanson.com\/de\/#organization","name":"Babcock Wanson","url":"https:\/\/www.babcock-wanson.com\/de\/","logo":{"@type":"ImageObject","inLanguage":"de-DE","@id":"https:\/\/www.babcock-wanson.com\/de\/#\/schema\/logo\/image\/","url":"https:\/\/www.babcock-wanson.com\/wp-content\/uploads\/2024\/02\/Babcock-Wanson-1200x1200-1.png","contentUrl":"https:\/\/www.babcock-wanson.com\/wp-content\/uploads\/2024\/02\/Babcock-Wanson-1200x1200-1.png","width":1200,"height":1200,"caption":"Babcock Wanson"},"image":{"@id":"https:\/\/www.babcock-wanson.com\/de\/#\/schema\/logo\/image\/"},"sameAs":["https:\/\/www.linkedin.com\/company\/babcock-wanson\/","https:\/\/www.youtube.com\/channel\/UCtxl25VieBBsP2kYmtlyv7A"]},{"@type":"Person","@id":"https:\/\/www.babcock-wanson.com\/de\/#\/schema\/person\/a350b802524c3662580cafeebe8ce4e9","name":"fbarry","image":{"@type":"ImageObject","inLanguage":"de-DE","@id":"https:\/\/secure.gravatar.com\/avatar\/4fd6dfc5089082b83cfc68e1102dc90131769ff6d8c9457c6e98942b558a407f?s=96&d=mm&r=g","url":"https:\/\/secure.gravatar.com\/avatar\/4fd6dfc5089082b83cfc68e1102dc90131769ff6d8c9457c6e98942b558a407f?s=96&d=mm&r=g","contentUrl":"https:\/\/secure.gravatar.com\/avatar\/4fd6dfc5089082b83cfc68e1102dc90131769ff6d8c9457c6e98942b558a407f?s=96&d=mm&r=g","caption":"fbarry"}}]}},"jetpack_featured_media_url":"https:\/\/www.babcock-wanson.com\/wp-content\/uploads\/2024\/01\/Pacte-Mondial-ONU.png","jetpack_sharing_enabled":true,"_links":{"self":[{"href":"https:\/\/www.babcock-wanson.com\/de\/wp-json\/wp\/v2\/posts\/50490","targetHints":{"allow":["GET"]}}],"collection":[{"href":"https:\/\/www.babcock-wanson.com\/de\/wp-json\/wp\/v2\/posts"}],"about":[{"href":"https:\/\/www.babcock-wanson.com\/de\/wp-json\/wp\/v2\/types\/post"}],"author":[{"embeddable":true,"href":"https:\/\/www.babcock-wanson.com\/de\/wp-json\/wp\/v2\/users\/29262"}],"replies":[{"embeddable":true,"href":"https:\/\/www.babcock-wanson.com\/de\/wp-json\/wp\/v2\/comments?post=50490"}],"version-history":[{"count":0,"href":"https:\/\/www.babcock-wanson.com\/de\/wp-json\/wp\/v2\/posts\/50490\/revisions"}],"wp:featuredmedia":[{"embeddable":true,"href":"https:\/\/www.babcock-wanson.com\/de\/wp-json\/wp\/v2\/media\/50495"}],"wp:attachment":[{"href":"https:\/\/www.babcock-wanson.com\/de\/wp-json\/wp\/v2\/media?parent=50490"}],"wp:term":[{"taxonomy":"category","embeddable":true,"href":"https:\/\/www.babcock-wanson.com\/de\/wp-json\/wp\/v2\/categories?post=50490"},{"taxonomy":"post_tag","embeddable":true,"href":"https:\/\/www.babcock-wanson.com\/de\/wp-json\/wp\/v2\/tags?post=50490"}],"curies":[{"name":"wp","href":"https:\/\/api.w.org\/{rel}","templated":true}]}}