{"id":34201,"date":"2020-10-12T08:19:41","date_gmt":"2020-10-12T07:19:41","guid":{"rendered":"https:\/\/www.babcock-wanson.com\/2020\/10\/12\/babcock-wanson-signe-sa-deuxieme-acquisition-en-europe\/"},"modified":"2020-10-12T08:19:41","modified_gmt":"2020-10-12T07:19:41","slug":"babcock-wanson-signe-sa-deuxieme-acquisition-en-europe","status":"publish","type":"post","link":"https:\/\/www.babcock-wanson.com\/fr\/2020\/10\/12\/babcock-wanson-signe-sa-deuxieme-acquisition-en-europe\/","title":{"rendered":"Babcock Wanson signe sa deuxi\u00e8me acquisition en Europe"},"content":{"rendered":"<div class=\"vgblk-rw-wrapper limit-wrapper\"><strong>Acteur europ\u00e9en de la transition \u00e9nerg\u00e9tique sp\u00e9cialiste des chaudi\u00e8res industrielles, Babcock Wanson poursuit sa strat\u00e9gie de croissance externe \u00e0 l\u2019international avec l\u2019acquisition de Maes en Belgique.<\/strong><\/p>\n<p>Fort de trente-cinq ans d\u2019exp\u00e9rience et de plus de trois-cents installations sous contrat de maintenance, Maes est un expert de la maintenance et de l\u2019installation de chaudi\u00e8res \u00e0 vapeur et fluide thermique. L\u2019entreprise a r\u00e9alis\u00e9 un chiffre d\u2019affaires de 7 M\u20ac en 2019 et emploie une vingtaine de techniciens. Maes, qui continuera d\u2019\u00eatre dirig\u00e9e et d\u00e9velopp\u00e9e par ses fondateurs, devient ainsi la filiale belge de Babcock Wanson.<\/p>\n<p>Depuis sa prise d\u2019ind\u00e9pendance du groupe CNIM en 2016, Babcock Wanson est soutenu par le FCDE avec pour ambition le fort d\u00e9veloppement du groupe par croissance organique et externe, en particulier sur l\u2019activit\u00e9 de services.<br \/>\nAvec une premi\u00e8re acquisition r\u00e9ussie aux Pays-Bas en 2017 (Reputabel), Babcock Wanson s\u2019\u00e9tend dans un nouveau pays et consolide une nouvelle fois sa position de <em>leader <\/em>sur le march\u00e9 europ\u00e9en de la chaudi\u00e8re industrielle de moyenne puissance, tout en renfor\u00e7ant son mix vers plus de services. Malgr\u00e9 la crise sanitaire actuelle, l\u2019activit\u00e9 du groupe reste dynamique car soutenue par un vaste portefeuille de clients principalement positionn\u00e9s sur les industries agro-alimentaire et pharmaceutique.<\/p>\n<p>Avec l\u2019acquisition de Maes, Babcock Wanson renforce son positionnement sur le territoire europ\u00e9en et sa strat\u00e9gie de proximit\u00e9 dans le d\u00e9ploiement de ses activit\u00e9s de service. Le groupe est en discussion active avec plusieurs autres soci\u00e9t\u00e9s en Europe dans la maintenance, la r\u00e9paration et la location de chaudi\u00e8res industrielles.<\/p>\n<p><strong>Cyril Fournier-Montgieux, Pr\u00e9sident du groupe Babcock Wanson d\u00e9clare <\/strong>: \u00ab <em>L\u2019acquisition d\u2019une soci\u00e9t\u00e9 dynamique telle que Maes est une belle opportunit\u00e9 pour assurer notre pr\u00e9sence en direct sur le march\u00e9 belge afin de mieux y d\u00e9ployer la commercialisation de l\u2019ensemble de nos produits et des services associ\u00e9s. Pour Maes et ses \u00e9quipes, c\u2019est \u00e9galement l\u2019occasion de pouvoir s\u2019appuyer sur un leader du march\u00e9 et consolider ainsi leur implantation sur leur territoire. <\/em>\u00bb<\/p>\n<p><strong>Julien Di Marco, Associ\u00e9, membre du Directoire du FCDE ajoute <\/strong>: \u00ab <em>Apr\u00e8s avoir mis temporairement en pause l\u2019ex\u00e9cution de sa strat\u00e9gie de croissance externe pendant le confinement, le groupe Babcock Wanson, soutenu par le FCDE, acc\u00e9l\u00e8re son ambition de consolidation des services autour de la chaudi\u00e8re industrielle dans un march\u00e9 europ\u00e9en encore tr\u00e8s fragment\u00e9 et renforce sa position d\u2019acteur incontournable de la transition \u00e9nerg\u00e9tique. <\/em>\u00bb<\/div>\n<p><!-- .vgblk-rw-wrapper --><\/p>\n","protected":false},"excerpt":{"rendered":"<p>Acteur europ\u00e9en de la transition \u00e9nerg\u00e9tique sp\u00e9cialiste des chaudi\u00e8res industrielles, Babcock Wanson poursuit sa strat\u00e9gie de croissance externe \u00e0 l\u2019international avec l\u2019acquisition de Maes en Belgique. Fort de trente-cinq ans d\u2019exp\u00e9rience et de plus de trois-cents installations sous contrat de maintenance, Maes est un expert de la maintenance et de l\u2019installation de chaudi\u00e8res \u00e0 vapeur&#8230;<\/p>\n","protected":false},"author":29262,"featured_media":34196,"comment_status":"closed","ping_status":"open","sticky":false,"template":"","format":"standard","meta":{"_acf_changed":false,"_relevanssi_hide_post":"","_relevanssi_hide_content":"","_relevanssi_pin_for_all":"","_relevanssi_pin_keywords":"","_relevanssi_unpin_keywords":"","_relevanssi_related_keywords":"","_relevanssi_related_include_ids":"","_relevanssi_related_exclude_ids":"","_relevanssi_related_no_append":"","_relevanssi_related_not_related":"","_relevanssi_related_posts":"","_relevanssi_noindex_reason":"","_jetpack_memberships_contains_paid_content":false,"footnotes":""},"categories":[2480],"tags":[2481,6387],"class_list":["post-34201","post","type-post","status-publish","format-standard","has-post-thumbnail","hentry","category-actualites-medias","tag-a-la-une","tag-croissance-internationale"],"acf":[],"yoast_head":"<!-- This site is optimized with the Yoast SEO Premium plugin v27.4 (Yoast SEO v27.4) - https:\/\/yoast.com\/product\/yoast-seo-premium-wordpress\/ -->\n<title>Babcock Wanson signe sa deuxi\u00e8me acquisition en Europe - Babcock Wanson<\/title>\n<meta name=\"description\" content=\"Babcock Wanson poursuit sa strat\u00e9gie de croissance internationale avec l&#039;acquisition de Maes en Belgique\" \/>\n<meta name=\"robots\" content=\"index, follow, max-snippet:-1, max-image-preview:large, max-video-preview:-1\" \/>\n<link rel=\"canonical\" href=\"https:\/\/www.babcock-wanson.com\/fr\/2020\/10\/12\/babcock-wanson-signe-sa-deuxieme-acquisition-en-europe\/\" \/>\n<meta property=\"og:locale\" content=\"fr_FR\" \/>\n<meta property=\"og:type\" content=\"article\" \/>\n<meta property=\"og:title\" content=\"Babcock Wanson signe sa deuxi\u00e8me acquisition en Europe\" \/>\n<meta property=\"og:description\" content=\"Babcock Wanson poursuit sa strat\u00e9gie de croissance internationale avec l&#039;acquisition de Maes en Belgique\" \/>\n<meta property=\"og:url\" content=\"https:\/\/www.babcock-wanson.com\/fr\/2020\/10\/12\/babcock-wanson-signe-sa-deuxieme-acquisition-en-europe\/\" \/>\n<meta property=\"og:site_name\" content=\"Babcock Wanson\" \/>\n<meta property=\"article:published_time\" content=\"2020-10-12T07:19:41+00:00\" \/>\n<meta property=\"og:image\" content=\"https:\/\/www.babcock-wanson.com\/wp-content\/uploads\/2020\/10\/logo_MAES_web.jpg\" \/>\n\t<meta property=\"og:image:width\" content=\"600\" \/>\n\t<meta property=\"og:image:height\" content=\"400\" \/>\n\t<meta property=\"og:image:type\" content=\"image\/jpeg\" \/>\n<meta name=\"author\" content=\"fbarry\" \/>\n<meta name=\"twitter:card\" content=\"summary_large_image\" \/>\n<meta name=\"twitter:label1\" content=\"Written by\" \/>\n\t<meta name=\"twitter:data1\" content=\"fbarry\" \/>\n\t<meta name=\"twitter:label2\" content=\"Est. reading time\" \/>\n\t<meta name=\"twitter:data2\" content=\"2 minutes\" \/>\n<script type=\"application\/ld+json\" class=\"yoast-schema-graph\">{\"@context\":\"https:\\\/\\\/schema.org\",\"@graph\":[{\"@type\":\"Article\",\"@id\":\"https:\\\/\\\/www.babcock-wanson.com\\\/fr\\\/2020\\\/10\\\/12\\\/babcock-wanson-signe-sa-deuxieme-acquisition-en-europe\\\/#article\",\"isPartOf\":{\"@id\":\"https:\\\/\\\/www.babcock-wanson.com\\\/fr\\\/2020\\\/10\\\/12\\\/babcock-wanson-signe-sa-deuxieme-acquisition-en-europe\\\/\"},\"author\":{\"name\":\"fbarry\",\"@id\":\"https:\\\/\\\/www.babcock-wanson.com\\\/fr\\\/#\\\/schema\\\/person\\\/a350b802524c3662580cafeebe8ce4e9\"},\"headline\":\"Babcock Wanson signe sa deuxi\u00e8me acquisition en Europe\",\"datePublished\":\"2020-10-12T07:19:41+00:00\",\"mainEntityOfPage\":{\"@id\":\"https:\\\/\\\/www.babcock-wanson.com\\\/fr\\\/2020\\\/10\\\/12\\\/babcock-wanson-signe-sa-deuxieme-acquisition-en-europe\\\/\"},\"wordCount\":446,\"publisher\":{\"@id\":\"https:\\\/\\\/www.babcock-wanson.com\\\/fr\\\/#organization\"},\"image\":{\"@id\":\"https:\\\/\\\/www.babcock-wanson.com\\\/fr\\\/2020\\\/10\\\/12\\\/babcock-wanson-signe-sa-deuxieme-acquisition-en-europe\\\/#primaryimage\"},\"thumbnailUrl\":\"https:\\\/\\\/www.babcock-wanson.com\\\/wp-content\\\/uploads\\\/2020\\\/10\\\/logo_MAES_web.jpg\",\"keywords\":[\"\u00c0 La Une\",\"Croissance internationale\"],\"articleSection\":[\"Actualit\u00e9s &amp; M\u00e9dias\"],\"inLanguage\":\"fr-FR\"},{\"@type\":\"WebPage\",\"@id\":\"https:\\\/\\\/www.babcock-wanson.com\\\/fr\\\/2020\\\/10\\\/12\\\/babcock-wanson-signe-sa-deuxieme-acquisition-en-europe\\\/\",\"url\":\"https:\\\/\\\/www.babcock-wanson.com\\\/fr\\\/2020\\\/10\\\/12\\\/babcock-wanson-signe-sa-deuxieme-acquisition-en-europe\\\/\",\"name\":\"Babcock Wanson signe sa deuxi\u00e8me acquisition en Europe - Babcock Wanson\",\"isPartOf\":{\"@id\":\"https:\\\/\\\/www.babcock-wanson.com\\\/fr\\\/#website\"},\"primaryImageOfPage\":{\"@id\":\"https:\\\/\\\/www.babcock-wanson.com\\\/fr\\\/2020\\\/10\\\/12\\\/babcock-wanson-signe-sa-deuxieme-acquisition-en-europe\\\/#primaryimage\"},\"image\":{\"@id\":\"https:\\\/\\\/www.babcock-wanson.com\\\/fr\\\/2020\\\/10\\\/12\\\/babcock-wanson-signe-sa-deuxieme-acquisition-en-europe\\\/#primaryimage\"},\"thumbnailUrl\":\"https:\\\/\\\/www.babcock-wanson.com\\\/wp-content\\\/uploads\\\/2020\\\/10\\\/logo_MAES_web.jpg\",\"datePublished\":\"2020-10-12T07:19:41+00:00\",\"description\":\"Babcock Wanson poursuit sa strat\u00e9gie de croissance internationale avec l'acquisition de Maes en Belgique\",\"breadcrumb\":{\"@id\":\"https:\\\/\\\/www.babcock-wanson.com\\\/fr\\\/2020\\\/10\\\/12\\\/babcock-wanson-signe-sa-deuxieme-acquisition-en-europe\\\/#breadcrumb\"},\"inLanguage\":\"fr-FR\",\"potentialAction\":[{\"@type\":\"ReadAction\",\"target\":[\"https:\\\/\\\/www.babcock-wanson.com\\\/fr\\\/2020\\\/10\\\/12\\\/babcock-wanson-signe-sa-deuxieme-acquisition-en-europe\\\/\"]}]},{\"@type\":\"ImageObject\",\"inLanguage\":\"fr-FR\",\"@id\":\"https:\\\/\\\/www.babcock-wanson.com\\\/fr\\\/2020\\\/10\\\/12\\\/babcock-wanson-signe-sa-deuxieme-acquisition-en-europe\\\/#primaryimage\",\"url\":\"https:\\\/\\\/www.babcock-wanson.com\\\/wp-content\\\/uploads\\\/2020\\\/10\\\/logo_MAES_web.jpg\",\"contentUrl\":\"https:\\\/\\\/www.babcock-wanson.com\\\/wp-content\\\/uploads\\\/2020\\\/10\\\/logo_MAES_web.jpg\",\"width\":600,\"height\":400,\"caption\":\"logo_MAES_Belgique\"},{\"@type\":\"BreadcrumbList\",\"@id\":\"https:\\\/\\\/www.babcock-wanson.com\\\/fr\\\/2020\\\/10\\\/12\\\/babcock-wanson-signe-sa-deuxieme-acquisition-en-europe\\\/#breadcrumb\",\"itemListElement\":[{\"@type\":\"ListItem\",\"position\":1,\"name\":\"Accueil\",\"item\":\"https:\\\/\\\/www.babcock-wanson.com\\\/fr\\\/\"},{\"@type\":\"ListItem\",\"position\":2,\"name\":\"Babcock Wanson signe sa deuxi\u00e8me acquisition en Europe\"}]},{\"@type\":\"WebSite\",\"@id\":\"https:\\\/\\\/www.babcock-wanson.com\\\/fr\\\/#website\",\"url\":\"https:\\\/\\\/www.babcock-wanson.com\\\/fr\\\/\",\"name\":\"Babcock Wanson\",\"description\":\"\",\"publisher\":{\"@id\":\"https:\\\/\\\/www.babcock-wanson.com\\\/fr\\\/#organization\"},\"potentialAction\":[{\"@type\":\"SearchAction\",\"target\":{\"@type\":\"EntryPoint\",\"urlTemplate\":\"https:\\\/\\\/www.babcock-wanson.com\\\/fr\\\/?s={search_term_string}\"},\"query-input\":{\"@type\":\"PropertyValueSpecification\",\"valueRequired\":true,\"valueName\":\"search_term_string\"}}],\"inLanguage\":\"fr-FR\"},{\"@type\":\"Organization\",\"@id\":\"https:\\\/\\\/www.babcock-wanson.com\\\/fr\\\/#organization\",\"name\":\"Babcock Wanson\",\"url\":\"https:\\\/\\\/www.babcock-wanson.com\\\/fr\\\/\",\"logo\":{\"@type\":\"ImageObject\",\"inLanguage\":\"fr-FR\",\"@id\":\"https:\\\/\\\/www.babcock-wanson.com\\\/fr\\\/#\\\/schema\\\/logo\\\/image\\\/\",\"url\":\"https:\\\/\\\/www.babcock-wanson.com\\\/wp-content\\\/uploads\\\/2024\\\/02\\\/Babcock-Wanson-1200x1200-1.png\",\"contentUrl\":\"https:\\\/\\\/www.babcock-wanson.com\\\/wp-content\\\/uploads\\\/2024\\\/02\\\/Babcock-Wanson-1200x1200-1.png\",\"width\":1200,\"height\":1200,\"caption\":\"Babcock Wanson\"},\"image\":{\"@id\":\"https:\\\/\\\/www.babcock-wanson.com\\\/fr\\\/#\\\/schema\\\/logo\\\/image\\\/\"},\"sameAs\":[\"https:\\\/\\\/www.linkedin.com\\\/company\\\/babcock-wanson\\\/\",\"https:\\\/\\\/www.youtube.com\\\/channel\\\/UCtxl25VieBBsP2kYmtlyv7A\"]},{\"@type\":\"Person\",\"@id\":\"https:\\\/\\\/www.babcock-wanson.com\\\/fr\\\/#\\\/schema\\\/person\\\/a350b802524c3662580cafeebe8ce4e9\",\"name\":\"fbarry\",\"image\":{\"@type\":\"ImageObject\",\"inLanguage\":\"fr-FR\",\"@id\":\"https:\\\/\\\/secure.gravatar.com\\\/avatar\\\/4fd6dfc5089082b83cfc68e1102dc90131769ff6d8c9457c6e98942b558a407f?s=96&d=mm&r=g\",\"url\":\"https:\\\/\\\/secure.gravatar.com\\\/avatar\\\/4fd6dfc5089082b83cfc68e1102dc90131769ff6d8c9457c6e98942b558a407f?s=96&d=mm&r=g\",\"contentUrl\":\"https:\\\/\\\/secure.gravatar.com\\\/avatar\\\/4fd6dfc5089082b83cfc68e1102dc90131769ff6d8c9457c6e98942b558a407f?s=96&d=mm&r=g\",\"caption\":\"fbarry\"}}]}<\/script>\n<!-- \/ Yoast SEO Premium plugin. -->","yoast_head_json":{"title":"Babcock Wanson signe sa deuxi\u00e8me acquisition en Europe - Babcock Wanson","description":"Babcock Wanson poursuit sa strat\u00e9gie de croissance internationale avec l'acquisition de Maes en Belgique","robots":{"index":"index","follow":"follow","max-snippet":"max-snippet:-1","max-image-preview":"max-image-preview:large","max-video-preview":"max-video-preview:-1"},"canonical":"https:\/\/www.babcock-wanson.com\/fr\/2020\/10\/12\/babcock-wanson-signe-sa-deuxieme-acquisition-en-europe\/","og_locale":"fr_FR","og_type":"article","og_title":"Babcock Wanson signe sa deuxi\u00e8me acquisition en Europe","og_description":"Babcock Wanson poursuit sa strat\u00e9gie de croissance internationale avec l'acquisition de Maes en Belgique","og_url":"https:\/\/www.babcock-wanson.com\/fr\/2020\/10\/12\/babcock-wanson-signe-sa-deuxieme-acquisition-en-europe\/","og_site_name":"Babcock Wanson","article_published_time":"2020-10-12T07:19:41+00:00","og_image":[{"width":600,"height":400,"url":"https:\/\/www.babcock-wanson.com\/wp-content\/uploads\/2020\/10\/logo_MAES_web.jpg","type":"image\/jpeg"}],"author":"fbarry","twitter_card":"summary_large_image","twitter_misc":{"Written by":"fbarry","Est. reading time":"2 minutes"},"schema":{"@context":"https:\/\/schema.org","@graph":[{"@type":"Article","@id":"https:\/\/www.babcock-wanson.com\/fr\/2020\/10\/12\/babcock-wanson-signe-sa-deuxieme-acquisition-en-europe\/#article","isPartOf":{"@id":"https:\/\/www.babcock-wanson.com\/fr\/2020\/10\/12\/babcock-wanson-signe-sa-deuxieme-acquisition-en-europe\/"},"author":{"name":"fbarry","@id":"https:\/\/www.babcock-wanson.com\/fr\/#\/schema\/person\/a350b802524c3662580cafeebe8ce4e9"},"headline":"Babcock Wanson signe sa deuxi\u00e8me acquisition en Europe","datePublished":"2020-10-12T07:19:41+00:00","mainEntityOfPage":{"@id":"https:\/\/www.babcock-wanson.com\/fr\/2020\/10\/12\/babcock-wanson-signe-sa-deuxieme-acquisition-en-europe\/"},"wordCount":446,"publisher":{"@id":"https:\/\/www.babcock-wanson.com\/fr\/#organization"},"image":{"@id":"https:\/\/www.babcock-wanson.com\/fr\/2020\/10\/12\/babcock-wanson-signe-sa-deuxieme-acquisition-en-europe\/#primaryimage"},"thumbnailUrl":"https:\/\/www.babcock-wanson.com\/wp-content\/uploads\/2020\/10\/logo_MAES_web.jpg","keywords":["\u00c0 La Une","Croissance internationale"],"articleSection":["Actualit\u00e9s &amp; M\u00e9dias"],"inLanguage":"fr-FR"},{"@type":"WebPage","@id":"https:\/\/www.babcock-wanson.com\/fr\/2020\/10\/12\/babcock-wanson-signe-sa-deuxieme-acquisition-en-europe\/","url":"https:\/\/www.babcock-wanson.com\/fr\/2020\/10\/12\/babcock-wanson-signe-sa-deuxieme-acquisition-en-europe\/","name":"Babcock Wanson signe sa deuxi\u00e8me acquisition en Europe - Babcock Wanson","isPartOf":{"@id":"https:\/\/www.babcock-wanson.com\/fr\/#website"},"primaryImageOfPage":{"@id":"https:\/\/www.babcock-wanson.com\/fr\/2020\/10\/12\/babcock-wanson-signe-sa-deuxieme-acquisition-en-europe\/#primaryimage"},"image":{"@id":"https:\/\/www.babcock-wanson.com\/fr\/2020\/10\/12\/babcock-wanson-signe-sa-deuxieme-acquisition-en-europe\/#primaryimage"},"thumbnailUrl":"https:\/\/www.babcock-wanson.com\/wp-content\/uploads\/2020\/10\/logo_MAES_web.jpg","datePublished":"2020-10-12T07:19:41+00:00","description":"Babcock Wanson poursuit sa strat\u00e9gie de croissance internationale avec l'acquisition de Maes en Belgique","breadcrumb":{"@id":"https:\/\/www.babcock-wanson.com\/fr\/2020\/10\/12\/babcock-wanson-signe-sa-deuxieme-acquisition-en-europe\/#breadcrumb"},"inLanguage":"fr-FR","potentialAction":[{"@type":"ReadAction","target":["https:\/\/www.babcock-wanson.com\/fr\/2020\/10\/12\/babcock-wanson-signe-sa-deuxieme-acquisition-en-europe\/"]}]},{"@type":"ImageObject","inLanguage":"fr-FR","@id":"https:\/\/www.babcock-wanson.com\/fr\/2020\/10\/12\/babcock-wanson-signe-sa-deuxieme-acquisition-en-europe\/#primaryimage","url":"https:\/\/www.babcock-wanson.com\/wp-content\/uploads\/2020\/10\/logo_MAES_web.jpg","contentUrl":"https:\/\/www.babcock-wanson.com\/wp-content\/uploads\/2020\/10\/logo_MAES_web.jpg","width":600,"height":400,"caption":"logo_MAES_Belgique"},{"@type":"BreadcrumbList","@id":"https:\/\/www.babcock-wanson.com\/fr\/2020\/10\/12\/babcock-wanson-signe-sa-deuxieme-acquisition-en-europe\/#breadcrumb","itemListElement":[{"@type":"ListItem","position":1,"name":"Accueil","item":"https:\/\/www.babcock-wanson.com\/fr\/"},{"@type":"ListItem","position":2,"name":"Babcock Wanson signe sa deuxi\u00e8me acquisition en Europe"}]},{"@type":"WebSite","@id":"https:\/\/www.babcock-wanson.com\/fr\/#website","url":"https:\/\/www.babcock-wanson.com\/fr\/","name":"Babcock Wanson","description":"","publisher":{"@id":"https:\/\/www.babcock-wanson.com\/fr\/#organization"},"potentialAction":[{"@type":"SearchAction","target":{"@type":"EntryPoint","urlTemplate":"https:\/\/www.babcock-wanson.com\/fr\/?s={search_term_string}"},"query-input":{"@type":"PropertyValueSpecification","valueRequired":true,"valueName":"search_term_string"}}],"inLanguage":"fr-FR"},{"@type":"Organization","@id":"https:\/\/www.babcock-wanson.com\/fr\/#organization","name":"Babcock Wanson","url":"https:\/\/www.babcock-wanson.com\/fr\/","logo":{"@type":"ImageObject","inLanguage":"fr-FR","@id":"https:\/\/www.babcock-wanson.com\/fr\/#\/schema\/logo\/image\/","url":"https:\/\/www.babcock-wanson.com\/wp-content\/uploads\/2024\/02\/Babcock-Wanson-1200x1200-1.png","contentUrl":"https:\/\/www.babcock-wanson.com\/wp-content\/uploads\/2024\/02\/Babcock-Wanson-1200x1200-1.png","width":1200,"height":1200,"caption":"Babcock Wanson"},"image":{"@id":"https:\/\/www.babcock-wanson.com\/fr\/#\/schema\/logo\/image\/"},"sameAs":["https:\/\/www.linkedin.com\/company\/babcock-wanson\/","https:\/\/www.youtube.com\/channel\/UCtxl25VieBBsP2kYmtlyv7A"]},{"@type":"Person","@id":"https:\/\/www.babcock-wanson.com\/fr\/#\/schema\/person\/a350b802524c3662580cafeebe8ce4e9","name":"fbarry","image":{"@type":"ImageObject","inLanguage":"fr-FR","@id":"https:\/\/secure.gravatar.com\/avatar\/4fd6dfc5089082b83cfc68e1102dc90131769ff6d8c9457c6e98942b558a407f?s=96&d=mm&r=g","url":"https:\/\/secure.gravatar.com\/avatar\/4fd6dfc5089082b83cfc68e1102dc90131769ff6d8c9457c6e98942b558a407f?s=96&d=mm&r=g","contentUrl":"https:\/\/secure.gravatar.com\/avatar\/4fd6dfc5089082b83cfc68e1102dc90131769ff6d8c9457c6e98942b558a407f?s=96&d=mm&r=g","caption":"fbarry"}}]}},"jetpack_featured_media_url":"https:\/\/www.babcock-wanson.com\/wp-content\/uploads\/2020\/10\/logo_MAES_web.jpg","jetpack_sharing_enabled":true,"_links":{"self":[{"href":"https:\/\/www.babcock-wanson.com\/fr\/wp-json\/wp\/v2\/posts\/34201","targetHints":{"allow":["GET"]}}],"collection":[{"href":"https:\/\/www.babcock-wanson.com\/fr\/wp-json\/wp\/v2\/posts"}],"about":[{"href":"https:\/\/www.babcock-wanson.com\/fr\/wp-json\/wp\/v2\/types\/post"}],"author":[{"embeddable":true,"href":"https:\/\/www.babcock-wanson.com\/fr\/wp-json\/wp\/v2\/users\/29262"}],"replies":[{"embeddable":true,"href":"https:\/\/www.babcock-wanson.com\/fr\/wp-json\/wp\/v2\/comments?post=34201"}],"version-history":[{"count":0,"href":"https:\/\/www.babcock-wanson.com\/fr\/wp-json\/wp\/v2\/posts\/34201\/revisions"}],"wp:featuredmedia":[{"embeddable":true,"href":"https:\/\/www.babcock-wanson.com\/fr\/wp-json\/wp\/v2\/media\/34196"}],"wp:attachment":[{"href":"https:\/\/www.babcock-wanson.com\/fr\/wp-json\/wp\/v2\/media?parent=34201"}],"wp:term":[{"taxonomy":"category","embeddable":true,"href":"https:\/\/www.babcock-wanson.com\/fr\/wp-json\/wp\/v2\/categories?post=34201"},{"taxonomy":"post_tag","embeddable":true,"href":"https:\/\/www.babcock-wanson.com\/fr\/wp-json\/wp\/v2\/tags?post=34201"}],"curies":[{"name":"wp","href":"https:\/\/api.w.org\/{rel}","templated":true}]}}