{"id":37664,"date":"2020-12-17T11:11:08","date_gmt":"2020-12-17T11:11:08","guid":{"rendered":"https:\/\/www.babcock-wanson.com\/?p=37664"},"modified":"2020-12-17T11:19:20","modified_gmt":"2020-12-17T11:19:20","slug":"projet-nerac-digital-fab","status":"publish","type":"post","link":"https:\/\/www.babcock-wanson.com\/fr\/2020\/12\/17\/projet-nerac-digital-fab\/","title":{"rendered":"Babcock Wanson laur\u00e9at d\u2019un appel \u00e0 projet pour la modernisation de l\u2019usine de N\u00e9rac"},"content":{"rendered":"<div class=\"vgblk-rw-wrapper limit-wrapper\">Le projet \u00ab\u00a0N\u00e9rac Digital Fab\u00a0\u00bb d\u00e9pos\u00e9 par Babcock Wanson fait partie des 10 premiers projets retenus en Nouvelle Aquitaine par le <a href=\"http:\/\/relance.projets-territoriaux.bpifrance.fr\/\">fond d\u2019acc\u00e9l\u00e9ration des investissements industriels<\/a> d\u00e9ploy\u00e9 par le minist\u00e8re de l\u2019\u00e9conomie dans le cadre de la crise sanitaire. Attribu\u00e9 par les r\u00e9gions, il a pour objectif de permettre aux entreprises de rebondir en leur permettant d\u2019acc\u00e9l\u00e9rer la r\u00e9alisation d\u2019investissements industriels n\u00e9cessaires \u00e0 leur transformation.<\/p>\n<p>\u00ab N\u00e9rac Digital Fab \u00bb a pour objectif, la modernisation, la rationalisation et la digitalisation des flux de production de notre usine d\u2019une part, et d\u2019autre part l\u2019am\u00e9lioration des conditions de travail de nos salari\u00e9s.<\/p>\n<p>Ce projet ambitionne ainsi une am\u00e9lioration de la comp\u00e9titivit\u00e9 de Babcock Wanson au travers le remplacement d\u2019\u00e9quipements anciens et la p\u00e9rennisation des emplois industriels sur le site de N\u00e9rac.<\/p>\n<p>\u00ab\u00a0Cette aide va nous permettre d\u2019aller plus loin et plus vite pour la modernisation de notre outil de production qui est sollicit\u00e9 au quotidien pour r\u00e9pondre aux besoins de l\u2019ensemble de nos clients internationaux.\u00a0\u00bb explique Fran\u00e7ois Blin, directeur industriel de Babcock Wanson.<\/p>\n<p>Ce projet d\u2019une dur\u00e9e de deux ans touchera les principaux proc\u00e9d\u00e9s de production de l&rsquo;usine : la d\u00e9coupe et le formage des t\u00f4les de grandes dimensions, les proc\u00e9d\u00e9s de soudage, la rationalisation des flux de production seront ainsi impact\u00e9 positivement par ce projet.<\/p>\n<p>Concr\u00e8tement, une aide \u00e9quivalente \u00e0 50% du montant global du projet d\u2019investissement est attribu\u00e9e \u00e0 Babcock Wanson pour mener \u00e0 bien ce projet \u00ab\u00a0Nerac Digital Fab\u00a0\u00bb.<\/p>\n<p>Cyril Fournier Montgieux, pr\u00e9sident de Babcock Wanson, accueille \u00e9galement avec enthousiasme l\u2019annonce de cette aide\u00a0: \u00ab\u00a0Compte tenu des difficult\u00e9s actuelles occasionn\u00e9es par le contexte sanitaire, cette aide de financement li\u00e9e au plan de relance gouvernemental, est le v\u00e9ritable d\u00e9clencheur de notre investissement. En lien avec la R\u00e9gion Aquitaine, nous avons con\u00e7u ce projet qui doit nous permettre de nous projeter vers l\u2019avenir et affirmer notre leadership international sur la fabrication de <a href=\"https:\/\/www.babcock-wanson.com\/fr\/categorie-produit\/chaudieres-vapeur\/\">chaudi\u00e8res<\/a> et <a href=\"https:\/\/www.babcock-wanson.com\/fr\/categorie-produit\/bruleurs-industriels\/\">br\u00fbleurs industriels<\/a>, tout en r\u00e9affirmant notre <a href=\"https:\/\/www.babcock-wanson.com\/fr\/qui-sommes-nous\/notre-histoire\/\">encrage historique dans le Lot et Garonne<\/a>.\u00a0\u00bb<\/div>\n<p><!-- .vgblk-rw-wrapper --><\/p>\n","protected":false},"excerpt":{"rendered":"<p>Le projet \u00ab\u00a0N\u00e9rac Digital Fab\u00a0\u00bb d\u00e9pos\u00e9 par Babcock Wanson fait partie des 10 premiers projets retenus en Nouvelle Aquitaine par le fond d\u2019acc\u00e9l\u00e9ration des investissements industriels d\u00e9ploy\u00e9 par le minist\u00e8re de l\u2019\u00e9conomie dans le cadre de la crise sanitaire. Attribu\u00e9 par les r\u00e9gions, il a pour objectif de permettre aux entreprises de rebondir en leur&#8230;<\/p>\n","protected":false},"author":29262,"featured_media":37665,"comment_status":"closed","ping_status":"open","sticky":false,"template":"","format":"standard","meta":{"_acf_changed":false,"_relevanssi_hide_post":"","_relevanssi_hide_content":"","_relevanssi_pin_for_all":"","_relevanssi_pin_keywords":"","_relevanssi_unpin_keywords":"","_relevanssi_related_keywords":"","_relevanssi_related_include_ids":"","_relevanssi_related_exclude_ids":"","_relevanssi_related_no_append":"","_relevanssi_related_not_related":"","_relevanssi_related_posts":"","_relevanssi_noindex_reason":"","_jetpack_memberships_contains_paid_content":false,"footnotes":""},"categories":[2480],"tags":[],"class_list":["post-37664","post","type-post","status-publish","format-standard","has-post-thumbnail","hentry","category-actualites-medias"],"acf":[],"yoast_head":"<!-- This site is optimized with the Yoast SEO Premium plugin v27.4 (Yoast SEO v27.4) - https:\/\/yoast.com\/product\/yoast-seo-premium-wordpress\/ -->\n<title>Projet N\u00e9rac Digital Fab laur\u00e9at en Nouvelle-Aquitaine<\/title>\n<meta name=\"description\" content=\"Le Projet N\u00e9rac Digital Fab retenu en Nouvelle-Aquitaine par le fond d\u2019acc\u00e9l\u00e9ration des investissements industriels d\u00e9ploy\u00e9 par le minist\u00e8re de l\u2019\u00e9conomie.\" \/>\n<meta name=\"robots\" content=\"index, follow, max-snippet:-1, max-image-preview:large, max-video-preview:-1\" \/>\n<link rel=\"canonical\" href=\"https:\/\/www.babcock-wanson.com\/fr\/2020\/12\/17\/projet-nerac-digital-fab\/\" \/>\n<meta property=\"og:locale\" content=\"fr_FR\" \/>\n<meta property=\"og:type\" content=\"article\" \/>\n<meta property=\"og:title\" content=\"Babcock Wanson laur\u00e9at d\u2019un appel \u00e0 projet pour la modernisation de l\u2019usine de N\u00e9rac\" \/>\n<meta property=\"og:description\" content=\"Le Projet N\u00e9rac Digital Fab retenu en Nouvelle-Aquitaine par le fond d\u2019acc\u00e9l\u00e9ration des investissements industriels d\u00e9ploy\u00e9 par le minist\u00e8re de l\u2019\u00e9conomie.\" \/>\n<meta property=\"og:url\" content=\"https:\/\/www.babcock-wanson.com\/fr\/2020\/12\/17\/projet-nerac-digital-fab\/\" \/>\n<meta property=\"og:site_name\" content=\"Babcock Wanson\" \/>\n<meta property=\"article:published_time\" content=\"2020-12-17T11:11:08+00:00\" \/>\n<meta property=\"article:modified_time\" content=\"2020-12-17T11:19:20+00:00\" \/>\n<meta property=\"og:image\" content=\"https:\/\/www.babcock-wanson.com\/wp-content\/uploads\/2020\/12\/Nerac-Digital-Fab_News_img.jpg\" \/>\n\t<meta property=\"og:image:width\" content=\"600\" \/>\n\t<meta property=\"og:image:height\" content=\"339\" \/>\n\t<meta property=\"og:image:type\" content=\"image\/jpeg\" \/>\n<meta name=\"author\" content=\"fbarry\" \/>\n<meta name=\"twitter:card\" content=\"summary_large_image\" \/>\n<meta name=\"twitter:label1\" content=\"Written by\" \/>\n\t<meta name=\"twitter:data1\" content=\"fbarry\" \/>\n\t<meta name=\"twitter:label2\" content=\"Est. reading time\" \/>\n\t<meta name=\"twitter:data2\" content=\"2 minutes\" \/>\n<script type=\"application\/ld+json\" class=\"yoast-schema-graph\">{\"@context\":\"https:\\\/\\\/schema.org\",\"@graph\":[{\"@type\":\"Article\",\"@id\":\"https:\\\/\\\/www.babcock-wanson.com\\\/fr\\\/2020\\\/12\\\/17\\\/projet-nerac-digital-fab\\\/#article\",\"isPartOf\":{\"@id\":\"https:\\\/\\\/www.babcock-wanson.com\\\/fr\\\/2020\\\/12\\\/17\\\/projet-nerac-digital-fab\\\/\"},\"author\":{\"name\":\"fbarry\",\"@id\":\"https:\\\/\\\/www.babcock-wanson.com\\\/fr\\\/#\\\/schema\\\/person\\\/a350b802524c3662580cafeebe8ce4e9\"},\"headline\":\"Babcock Wanson laur\u00e9at d\u2019un appel \u00e0 projet pour la modernisation de l\u2019usine de N\u00e9rac\",\"datePublished\":\"2020-12-17T11:11:08+00:00\",\"dateModified\":\"2020-12-17T11:19:20+00:00\",\"mainEntityOfPage\":{\"@id\":\"https:\\\/\\\/www.babcock-wanson.com\\\/fr\\\/2020\\\/12\\\/17\\\/projet-nerac-digital-fab\\\/\"},\"wordCount\":389,\"publisher\":{\"@id\":\"https:\\\/\\\/www.babcock-wanson.com\\\/fr\\\/#organization\"},\"image\":{\"@id\":\"https:\\\/\\\/www.babcock-wanson.com\\\/fr\\\/2020\\\/12\\\/17\\\/projet-nerac-digital-fab\\\/#primaryimage\"},\"thumbnailUrl\":\"https:\\\/\\\/www.babcock-wanson.com\\\/wp-content\\\/uploads\\\/2020\\\/12\\\/Nerac-Digital-Fab_News_img.jpg\",\"articleSection\":[\"Actualit\u00e9s &amp; M\u00e9dias\"],\"inLanguage\":\"fr-FR\"},{\"@type\":\"WebPage\",\"@id\":\"https:\\\/\\\/www.babcock-wanson.com\\\/fr\\\/2020\\\/12\\\/17\\\/projet-nerac-digital-fab\\\/\",\"url\":\"https:\\\/\\\/www.babcock-wanson.com\\\/fr\\\/2020\\\/12\\\/17\\\/projet-nerac-digital-fab\\\/\",\"name\":\"Projet N\u00e9rac Digital Fab laur\u00e9at en Nouvelle-Aquitaine\",\"isPartOf\":{\"@id\":\"https:\\\/\\\/www.babcock-wanson.com\\\/fr\\\/#website\"},\"primaryImageOfPage\":{\"@id\":\"https:\\\/\\\/www.babcock-wanson.com\\\/fr\\\/2020\\\/12\\\/17\\\/projet-nerac-digital-fab\\\/#primaryimage\"},\"image\":{\"@id\":\"https:\\\/\\\/www.babcock-wanson.com\\\/fr\\\/2020\\\/12\\\/17\\\/projet-nerac-digital-fab\\\/#primaryimage\"},\"thumbnailUrl\":\"https:\\\/\\\/www.babcock-wanson.com\\\/wp-content\\\/uploads\\\/2020\\\/12\\\/Nerac-Digital-Fab_News_img.jpg\",\"datePublished\":\"2020-12-17T11:11:08+00:00\",\"dateModified\":\"2020-12-17T11:19:20+00:00\",\"description\":\"Le Projet N\u00e9rac Digital Fab retenu en Nouvelle-Aquitaine par le fond d\u2019acc\u00e9l\u00e9ration des investissements industriels d\u00e9ploy\u00e9 par le minist\u00e8re de l\u2019\u00e9conomie.\",\"breadcrumb\":{\"@id\":\"https:\\\/\\\/www.babcock-wanson.com\\\/fr\\\/2020\\\/12\\\/17\\\/projet-nerac-digital-fab\\\/#breadcrumb\"},\"inLanguage\":\"fr-FR\",\"potentialAction\":[{\"@type\":\"ReadAction\",\"target\":[\"https:\\\/\\\/www.babcock-wanson.com\\\/fr\\\/2020\\\/12\\\/17\\\/projet-nerac-digital-fab\\\/\"]}]},{\"@type\":\"ImageObject\",\"inLanguage\":\"fr-FR\",\"@id\":\"https:\\\/\\\/www.babcock-wanson.com\\\/fr\\\/2020\\\/12\\\/17\\\/projet-nerac-digital-fab\\\/#primaryimage\",\"url\":\"https:\\\/\\\/www.babcock-wanson.com\\\/wp-content\\\/uploads\\\/2020\\\/12\\\/Nerac-Digital-Fab_News_img.jpg\",\"contentUrl\":\"https:\\\/\\\/www.babcock-wanson.com\\\/wp-content\\\/uploads\\\/2020\\\/12\\\/Nerac-Digital-Fab_News_img.jpg\",\"width\":600,\"height\":339,\"caption\":\"Projet N\u00e9rac Digital Fab\"},{\"@type\":\"BreadcrumbList\",\"@id\":\"https:\\\/\\\/www.babcock-wanson.com\\\/fr\\\/2020\\\/12\\\/17\\\/projet-nerac-digital-fab\\\/#breadcrumb\",\"itemListElement\":[{\"@type\":\"ListItem\",\"position\":1,\"name\":\"Accueil\",\"item\":\"https:\\\/\\\/www.babcock-wanson.com\\\/fr\\\/\"},{\"@type\":\"ListItem\",\"position\":2,\"name\":\"Babcock Wanson laur\u00e9at d\u2019un appel \u00e0 projet pour la modernisation de l\u2019usine de N\u00e9rac\"}]},{\"@type\":\"WebSite\",\"@id\":\"https:\\\/\\\/www.babcock-wanson.com\\\/fr\\\/#website\",\"url\":\"https:\\\/\\\/www.babcock-wanson.com\\\/fr\\\/\",\"name\":\"Babcock Wanson\",\"description\":\"\",\"publisher\":{\"@id\":\"https:\\\/\\\/www.babcock-wanson.com\\\/fr\\\/#organization\"},\"potentialAction\":[{\"@type\":\"SearchAction\",\"target\":{\"@type\":\"EntryPoint\",\"urlTemplate\":\"https:\\\/\\\/www.babcock-wanson.com\\\/fr\\\/?s={search_term_string}\"},\"query-input\":{\"@type\":\"PropertyValueSpecification\",\"valueRequired\":true,\"valueName\":\"search_term_string\"}}],\"inLanguage\":\"fr-FR\"},{\"@type\":\"Organization\",\"@id\":\"https:\\\/\\\/www.babcock-wanson.com\\\/fr\\\/#organization\",\"name\":\"Babcock Wanson\",\"url\":\"https:\\\/\\\/www.babcock-wanson.com\\\/fr\\\/\",\"logo\":{\"@type\":\"ImageObject\",\"inLanguage\":\"fr-FR\",\"@id\":\"https:\\\/\\\/www.babcock-wanson.com\\\/fr\\\/#\\\/schema\\\/logo\\\/image\\\/\",\"url\":\"https:\\\/\\\/www.babcock-wanson.com\\\/wp-content\\\/uploads\\\/2024\\\/02\\\/Babcock-Wanson-1200x1200-1.png\",\"contentUrl\":\"https:\\\/\\\/www.babcock-wanson.com\\\/wp-content\\\/uploads\\\/2024\\\/02\\\/Babcock-Wanson-1200x1200-1.png\",\"width\":1200,\"height\":1200,\"caption\":\"Babcock Wanson\"},\"image\":{\"@id\":\"https:\\\/\\\/www.babcock-wanson.com\\\/fr\\\/#\\\/schema\\\/logo\\\/image\\\/\"},\"sameAs\":[\"https:\\\/\\\/www.linkedin.com\\\/company\\\/babcock-wanson\\\/\",\"https:\\\/\\\/www.youtube.com\\\/channel\\\/UCtxl25VieBBsP2kYmtlyv7A\"]},{\"@type\":\"Person\",\"@id\":\"https:\\\/\\\/www.babcock-wanson.com\\\/fr\\\/#\\\/schema\\\/person\\\/a350b802524c3662580cafeebe8ce4e9\",\"name\":\"fbarry\",\"image\":{\"@type\":\"ImageObject\",\"inLanguage\":\"fr-FR\",\"@id\":\"https:\\\/\\\/secure.gravatar.com\\\/avatar\\\/4fd6dfc5089082b83cfc68e1102dc90131769ff6d8c9457c6e98942b558a407f?s=96&d=mm&r=g\",\"url\":\"https:\\\/\\\/secure.gravatar.com\\\/avatar\\\/4fd6dfc5089082b83cfc68e1102dc90131769ff6d8c9457c6e98942b558a407f?s=96&d=mm&r=g\",\"contentUrl\":\"https:\\\/\\\/secure.gravatar.com\\\/avatar\\\/4fd6dfc5089082b83cfc68e1102dc90131769ff6d8c9457c6e98942b558a407f?s=96&d=mm&r=g\",\"caption\":\"fbarry\"}}]}<\/script>\n<!-- \/ Yoast SEO Premium plugin. -->","yoast_head_json":{"title":"Projet N\u00e9rac Digital Fab laur\u00e9at en Nouvelle-Aquitaine","description":"Le Projet N\u00e9rac Digital Fab retenu en Nouvelle-Aquitaine par le fond d\u2019acc\u00e9l\u00e9ration des investissements industriels d\u00e9ploy\u00e9 par le minist\u00e8re de l\u2019\u00e9conomie.","robots":{"index":"index","follow":"follow","max-snippet":"max-snippet:-1","max-image-preview":"max-image-preview:large","max-video-preview":"max-video-preview:-1"},"canonical":"https:\/\/www.babcock-wanson.com\/fr\/2020\/12\/17\/projet-nerac-digital-fab\/","og_locale":"fr_FR","og_type":"article","og_title":"Babcock Wanson laur\u00e9at d\u2019un appel \u00e0 projet pour la modernisation de l\u2019usine de N\u00e9rac","og_description":"Le Projet N\u00e9rac Digital Fab retenu en Nouvelle-Aquitaine par le fond d\u2019acc\u00e9l\u00e9ration des investissements industriels d\u00e9ploy\u00e9 par le minist\u00e8re de l\u2019\u00e9conomie.","og_url":"https:\/\/www.babcock-wanson.com\/fr\/2020\/12\/17\/projet-nerac-digital-fab\/","og_site_name":"Babcock Wanson","article_published_time":"2020-12-17T11:11:08+00:00","article_modified_time":"2020-12-17T11:19:20+00:00","og_image":[{"width":600,"height":339,"url":"https:\/\/www.babcock-wanson.com\/wp-content\/uploads\/2020\/12\/Nerac-Digital-Fab_News_img.jpg","type":"image\/jpeg"}],"author":"fbarry","twitter_card":"summary_large_image","twitter_misc":{"Written by":"fbarry","Est. reading time":"2 minutes"},"schema":{"@context":"https:\/\/schema.org","@graph":[{"@type":"Article","@id":"https:\/\/www.babcock-wanson.com\/fr\/2020\/12\/17\/projet-nerac-digital-fab\/#article","isPartOf":{"@id":"https:\/\/www.babcock-wanson.com\/fr\/2020\/12\/17\/projet-nerac-digital-fab\/"},"author":{"name":"fbarry","@id":"https:\/\/www.babcock-wanson.com\/fr\/#\/schema\/person\/a350b802524c3662580cafeebe8ce4e9"},"headline":"Babcock Wanson laur\u00e9at d\u2019un appel \u00e0 projet pour la modernisation de l\u2019usine de N\u00e9rac","datePublished":"2020-12-17T11:11:08+00:00","dateModified":"2020-12-17T11:19:20+00:00","mainEntityOfPage":{"@id":"https:\/\/www.babcock-wanson.com\/fr\/2020\/12\/17\/projet-nerac-digital-fab\/"},"wordCount":389,"publisher":{"@id":"https:\/\/www.babcock-wanson.com\/fr\/#organization"},"image":{"@id":"https:\/\/www.babcock-wanson.com\/fr\/2020\/12\/17\/projet-nerac-digital-fab\/#primaryimage"},"thumbnailUrl":"https:\/\/www.babcock-wanson.com\/wp-content\/uploads\/2020\/12\/Nerac-Digital-Fab_News_img.jpg","articleSection":["Actualit\u00e9s &amp; M\u00e9dias"],"inLanguage":"fr-FR"},{"@type":"WebPage","@id":"https:\/\/www.babcock-wanson.com\/fr\/2020\/12\/17\/projet-nerac-digital-fab\/","url":"https:\/\/www.babcock-wanson.com\/fr\/2020\/12\/17\/projet-nerac-digital-fab\/","name":"Projet N\u00e9rac Digital Fab laur\u00e9at en Nouvelle-Aquitaine","isPartOf":{"@id":"https:\/\/www.babcock-wanson.com\/fr\/#website"},"primaryImageOfPage":{"@id":"https:\/\/www.babcock-wanson.com\/fr\/2020\/12\/17\/projet-nerac-digital-fab\/#primaryimage"},"image":{"@id":"https:\/\/www.babcock-wanson.com\/fr\/2020\/12\/17\/projet-nerac-digital-fab\/#primaryimage"},"thumbnailUrl":"https:\/\/www.babcock-wanson.com\/wp-content\/uploads\/2020\/12\/Nerac-Digital-Fab_News_img.jpg","datePublished":"2020-12-17T11:11:08+00:00","dateModified":"2020-12-17T11:19:20+00:00","description":"Le Projet N\u00e9rac Digital Fab retenu en Nouvelle-Aquitaine par le fond d\u2019acc\u00e9l\u00e9ration des investissements industriels d\u00e9ploy\u00e9 par le minist\u00e8re de l\u2019\u00e9conomie.","breadcrumb":{"@id":"https:\/\/www.babcock-wanson.com\/fr\/2020\/12\/17\/projet-nerac-digital-fab\/#breadcrumb"},"inLanguage":"fr-FR","potentialAction":[{"@type":"ReadAction","target":["https:\/\/www.babcock-wanson.com\/fr\/2020\/12\/17\/projet-nerac-digital-fab\/"]}]},{"@type":"ImageObject","inLanguage":"fr-FR","@id":"https:\/\/www.babcock-wanson.com\/fr\/2020\/12\/17\/projet-nerac-digital-fab\/#primaryimage","url":"https:\/\/www.babcock-wanson.com\/wp-content\/uploads\/2020\/12\/Nerac-Digital-Fab_News_img.jpg","contentUrl":"https:\/\/www.babcock-wanson.com\/wp-content\/uploads\/2020\/12\/Nerac-Digital-Fab_News_img.jpg","width":600,"height":339,"caption":"Projet N\u00e9rac Digital Fab"},{"@type":"BreadcrumbList","@id":"https:\/\/www.babcock-wanson.com\/fr\/2020\/12\/17\/projet-nerac-digital-fab\/#breadcrumb","itemListElement":[{"@type":"ListItem","position":1,"name":"Accueil","item":"https:\/\/www.babcock-wanson.com\/fr\/"},{"@type":"ListItem","position":2,"name":"Babcock Wanson laur\u00e9at d\u2019un appel \u00e0 projet pour la modernisation de l\u2019usine de N\u00e9rac"}]},{"@type":"WebSite","@id":"https:\/\/www.babcock-wanson.com\/fr\/#website","url":"https:\/\/www.babcock-wanson.com\/fr\/","name":"Babcock Wanson","description":"","publisher":{"@id":"https:\/\/www.babcock-wanson.com\/fr\/#organization"},"potentialAction":[{"@type":"SearchAction","target":{"@type":"EntryPoint","urlTemplate":"https:\/\/www.babcock-wanson.com\/fr\/?s={search_term_string}"},"query-input":{"@type":"PropertyValueSpecification","valueRequired":true,"valueName":"search_term_string"}}],"inLanguage":"fr-FR"},{"@type":"Organization","@id":"https:\/\/www.babcock-wanson.com\/fr\/#organization","name":"Babcock Wanson","url":"https:\/\/www.babcock-wanson.com\/fr\/","logo":{"@type":"ImageObject","inLanguage":"fr-FR","@id":"https:\/\/www.babcock-wanson.com\/fr\/#\/schema\/logo\/image\/","url":"https:\/\/www.babcock-wanson.com\/wp-content\/uploads\/2024\/02\/Babcock-Wanson-1200x1200-1.png","contentUrl":"https:\/\/www.babcock-wanson.com\/wp-content\/uploads\/2024\/02\/Babcock-Wanson-1200x1200-1.png","width":1200,"height":1200,"caption":"Babcock Wanson"},"image":{"@id":"https:\/\/www.babcock-wanson.com\/fr\/#\/schema\/logo\/image\/"},"sameAs":["https:\/\/www.linkedin.com\/company\/babcock-wanson\/","https:\/\/www.youtube.com\/channel\/UCtxl25VieBBsP2kYmtlyv7A"]},{"@type":"Person","@id":"https:\/\/www.babcock-wanson.com\/fr\/#\/schema\/person\/a350b802524c3662580cafeebe8ce4e9","name":"fbarry","image":{"@type":"ImageObject","inLanguage":"fr-FR","@id":"https:\/\/secure.gravatar.com\/avatar\/4fd6dfc5089082b83cfc68e1102dc90131769ff6d8c9457c6e98942b558a407f?s=96&d=mm&r=g","url":"https:\/\/secure.gravatar.com\/avatar\/4fd6dfc5089082b83cfc68e1102dc90131769ff6d8c9457c6e98942b558a407f?s=96&d=mm&r=g","contentUrl":"https:\/\/secure.gravatar.com\/avatar\/4fd6dfc5089082b83cfc68e1102dc90131769ff6d8c9457c6e98942b558a407f?s=96&d=mm&r=g","caption":"fbarry"}}]}},"jetpack_featured_media_url":"https:\/\/www.babcock-wanson.com\/wp-content\/uploads\/2020\/12\/Nerac-Digital-Fab_News_img.jpg","jetpack_sharing_enabled":true,"_links":{"self":[{"href":"https:\/\/www.babcock-wanson.com\/fr\/wp-json\/wp\/v2\/posts\/37664","targetHints":{"allow":["GET"]}}],"collection":[{"href":"https:\/\/www.babcock-wanson.com\/fr\/wp-json\/wp\/v2\/posts"}],"about":[{"href":"https:\/\/www.babcock-wanson.com\/fr\/wp-json\/wp\/v2\/types\/post"}],"author":[{"embeddable":true,"href":"https:\/\/www.babcock-wanson.com\/fr\/wp-json\/wp\/v2\/users\/29262"}],"replies":[{"embeddable":true,"href":"https:\/\/www.babcock-wanson.com\/fr\/wp-json\/wp\/v2\/comments?post=37664"}],"version-history":[{"count":3,"href":"https:\/\/www.babcock-wanson.com\/fr\/wp-json\/wp\/v2\/posts\/37664\/revisions"}],"predecessor-version":[{"id":37674,"href":"https:\/\/www.babcock-wanson.com\/fr\/wp-json\/wp\/v2\/posts\/37664\/revisions\/37674"}],"wp:featuredmedia":[{"embeddable":true,"href":"https:\/\/www.babcock-wanson.com\/fr\/wp-json\/wp\/v2\/media\/37665"}],"wp:attachment":[{"href":"https:\/\/www.babcock-wanson.com\/fr\/wp-json\/wp\/v2\/media?parent=37664"}],"wp:term":[{"taxonomy":"category","embeddable":true,"href":"https:\/\/www.babcock-wanson.com\/fr\/wp-json\/wp\/v2\/categories?post=37664"},{"taxonomy":"post_tag","embeddable":true,"href":"https:\/\/www.babcock-wanson.com\/fr\/wp-json\/wp\/v2\/tags?post=37664"}],"curies":[{"name":"wp","href":"https:\/\/api.w.org\/{rel}","templated":true}]}}