{"id":47118,"date":"2024-01-16T09:44:20","date_gmt":"2024-01-16T09:44:20","guid":{"rendered":"https:\/\/www.babcock-wanson.com\/2024\/01\/16\/babcock-wanson-group-joins-the-united-nations-global-compact\/"},"modified":"2024-01-16T09:57:13","modified_gmt":"2024-01-16T09:57:13","slug":"babcock-wanson-group-joins-the-united-nations-global-compact","status":"publish","type":"post","link":"https:\/\/www.babcock-wanson.com\/fr\/2024\/01\/16\/babcock-wanson-group-joins-the-united-nations-global-compact\/","title":{"rendered":"Babcock Wanson Group rejoint le Pacte mondial des Nations Unies"},"content":{"rendered":"<div class=\"vgblk-rw-wrapper limit-wrapper\">Babcock Wanson Group a rejoint en fin d\u2019ann\u00e9e 2023 <strong>le <\/strong><a href=\"https:\/\/unglobalcompact.org\/\"><strong>Pacte mondial des Nations Unies<\/strong><\/a>, la plus grande initiative internationale de d\u00e9veloppement durable et de responsabilit\u00e9 soci\u00e9tale des entreprises.<\/p>\n<p><img loading=\"lazy\" decoding=\"async\" class=\"size-medium wp-image-47102 aligncenter\" src=\"https:\/\/www.babcock-wanson.com\/wp-content\/uploads\/2024\/01\/Endorser-Logo_solid_blue_RGB-256x300.jpg\" alt=\"United Nations Global Compact - Logo\" width=\"256\" height=\"300\" srcset=\"https:\/\/www.babcock-wanson.com\/wp-content\/uploads\/2024\/01\/Endorser-Logo_solid_blue_RGB-256x300.jpg 256w, https:\/\/www.babcock-wanson.com\/wp-content\/uploads\/2024\/01\/Endorser-Logo_solid_blue_RGB-420x492.jpg 420w, https:\/\/www.babcock-wanson.com\/wp-content\/uploads\/2024\/01\/Endorser-Logo_solid_blue_RGB-630x739.jpg 630w, https:\/\/www.babcock-wanson.com\/wp-content\/uploads\/2024\/01\/Endorser-Logo_solid_blue_RGB-85x100.jpg 85w, https:\/\/www.babcock-wanson.com\/wp-content\/uploads\/2024\/01\/Endorser-Logo_solid_blue_RGB-315x369.jpg 315w, https:\/\/www.babcock-wanson.com\/wp-content\/uploads\/2024\/01\/Endorser-Logo_solid_blue_RGB.jpg 696w\" sizes=\"auto, (max-width: 256px) 100vw, 256px\" \/><\/p>\n<p><strong>Le Pacte mondial est un appel aux entreprises du monde entier \u00e0 aligner leurs pratiques et leurs strat\u00e9gies sur Dix principes universels, qui d\u00e9coulent des textes fondamentaux des Nations Unies<\/strong>, dans les domaines des droits humains, du droit du travail, de l\u2019environnement et de la lutte contre la corruption.<\/p>\n<p>En adh\u00e9rant au Pacte mondial, <strong>nous nous engageons \u00e0 respecter ces principes et \u00e0 contribuer \u00e0 la r\u00e9alisation des 17 Objectifs de d\u00e9veloppement durable (ODD),<\/strong> qui visent \u00e0 r\u00e9pondre aux d\u00e9fis sociaux et environnementaux les plus urgents de notre \u00e9poque.<\/p>\n<p><img loading=\"lazy\" decoding=\"async\" data-attachment-id=\"47120\" data-permalink=\"https:\/\/www.babcock-wanson.com\/fr\/2024\/01\/16\/babcock-wanson-group-joins-the-united-nations-global-compact\/16-objectifs_fr\/\" data-orig-file=\"https:\/\/www.babcock-wanson.com\/wp-content\/uploads\/2024\/01\/16-objectifs_FR.png\" data-orig-size=\"605,358\" data-comments-opened=\"0\" data-image-meta=\"{&quot;aperture&quot;:&quot;0&quot;,&quot;credit&quot;:&quot;&quot;,&quot;camera&quot;:&quot;&quot;,&quot;caption&quot;:&quot;&quot;,&quot;created_timestamp&quot;:&quot;0&quot;,&quot;copyright&quot;:&quot;&quot;,&quot;focal_length&quot;:&quot;0&quot;,&quot;iso&quot;:&quot;0&quot;,&quot;shutter_speed&quot;:&quot;0&quot;,&quot;title&quot;:&quot;&quot;,&quot;orientation&quot;:&quot;0&quot;}\" data-image-title=\"16 objectifs D\u00e9veloppement durable\" data-image-description=\"&lt;p&gt;Pacte Mondial de l&amp;rsquo;ONU &amp;#8211; 16 Objectifs D\u00e9veloppement durable&lt;\/p&gt;\n\" data-image-caption=\"&lt;p&gt;Pacte Mondial de l&amp;rsquo;ONU &amp;#8211; 16 Objectifs D\u00e9veloppement durable&lt;\/p&gt;\n\" data-medium-file=\"https:\/\/www.babcock-wanson.com\/wp-content\/uploads\/2024\/01\/16-objectifs_FR-300x178.png\" data-large-file=\"https:\/\/www.babcock-wanson.com\/wp-content\/uploads\/2024\/01\/16-objectifs_FR.png\" tabindex=\"0\" role=\"button\" class=\"wp-image-47120 size-full aligncenter\" src=\"https:\/\/www.babcock-wanson.com\/wp-content\/uploads\/2024\/01\/16-objectifs_FR.png\" alt=\"Pacte Mondial de l'ONU - 16 Objectifs D\u00e9veloppement durable\" width=\"605\" height=\"358\" srcset=\"https:\/\/www.babcock-wanson.com\/wp-content\/uploads\/2024\/01\/16-objectifs_FR.png 605w, https:\/\/www.babcock-wanson.com\/wp-content\/uploads\/2024\/01\/16-objectifs_FR-420x249.png 420w, https:\/\/www.babcock-wanson.com\/wp-content\/uploads\/2024\/01\/16-objectifs_FR-300x178.png 300w, https:\/\/www.babcock-wanson.com\/wp-content\/uploads\/2024\/01\/16-objectifs_FR-100x59.png 100w, https:\/\/www.babcock-wanson.com\/wp-content\/uploads\/2024\/01\/16-objectifs_FR-315x186.png 315w\" sizes=\"auto, (max-width: 605px) 100vw, 605px\" \/><\/p>\n<p>Cette d\u00e9marche s\u2019inscrit dans le prolongement de notre raison d\u2019\u00eatre, qui repose sur notre engagement \u00e0 contribuer \u00e0 l\u2019am\u00e9lioration de notre monde en \u00e9tant un moteur puissant pour la transition \u00e9nerg\u00e9tique dans l\u2019industrie.<\/p>\n<p>En rejoignant le Pacte mondial, nous int\u00e9grons un r\u00e9seau de plus de 19 000 membres, bas\u00e9s dans 164 pays, qui partagent la m\u00eame vision d\u2019un monde plus durable et inclusif.<\/p>\n<p>Ce r\u00e9seau nous permettra de b\u00e9n\u00e9ficier d\u2019un cadre d\u2019\u00e9change et d\u2019apprentissage, ainsi que d\u2019outils et de ressources pour renforcer notre performance RSE et rendre compte de nos progr\u00e8s.<\/p>\n<p>Babcock Wanson Group, un acteur europ\u00e9en majeur de la transition \u00e9nerg\u00e9tique, fournisseur d\u2019\u00e9quipements et de solutions pour les chaufferies industrielles, est fier de franchir cette nouvelle \u00e9tape dans notre engagement responsable.<\/p>\n<p>&nbsp;<\/p><\/div>\n<p><!-- .vgblk-rw-wrapper --><\/p>\n","protected":false},"excerpt":{"rendered":"<p>Babcock Wanson Group a rejoint en fin d\u2019ann\u00e9e 2023 le Pacte mondial des Nations Unies, la plus grande initiative internationale de d\u00e9veloppement durable et de responsabilit\u00e9 soci\u00e9tale des entreprises. Le Pacte mondial est un appel aux entreprises du monde entier \u00e0 aligner leurs pratiques et leurs strat\u00e9gies sur Dix principes universels, qui d\u00e9coulent des textes&#8230;<\/p>\n","protected":false},"author":29262,"featured_media":47120,"comment_status":"closed","ping_status":"open","sticky":false,"template":"","format":"standard","meta":{"_acf_changed":false,"_relevanssi_hide_post":"","_relevanssi_hide_content":"","_relevanssi_pin_for_all":"","_relevanssi_pin_keywords":"","_relevanssi_unpin_keywords":"","_relevanssi_related_keywords":"","_relevanssi_related_include_ids":"","_relevanssi_related_exclude_ids":"","_relevanssi_related_no_append":"","_relevanssi_related_not_related":"","_relevanssi_related_posts":"","_relevanssi_noindex_reason":"","_jetpack_memberships_contains_paid_content":false,"footnotes":""},"categories":[2480],"tags":[2481],"class_list":["post-47118","post","type-post","status-publish","format-standard","has-post-thumbnail","hentry","category-actualites-medias","tag-a-la-une"],"acf":[],"yoast_head":"<!-- This site is optimized with the Yoast SEO Premium plugin v27.4 (Yoast SEO v27.4) - https:\/\/yoast.com\/product\/yoast-seo-premium-wordpress\/ -->\n<title>Babcock Wanson Group rejoint le Pacte mondial des Nations Unies - Babcock Wanson<\/title>\n<meta name=\"description\" content=\"Babcock Wanson Group rejoint le Pacte mondial des Nations Unies, la plus grande initiative internationale de d\u00e9veloppement durable et de responsabilit\u00e9 soci\u00e9tale des entreprises.\" \/>\n<meta name=\"robots\" content=\"index, follow, max-snippet:-1, max-image-preview:large, max-video-preview:-1\" \/>\n<link rel=\"canonical\" href=\"https:\/\/www.babcock-wanson.com\/fr\/2024\/01\/16\/babcock-wanson-group-joins-the-united-nations-global-compact\/\" \/>\n<meta property=\"og:locale\" content=\"fr_FR\" \/>\n<meta property=\"og:type\" content=\"article\" \/>\n<meta property=\"og:title\" content=\"Babcock Wanson Group rejoint le Pacte mondial des Nations Unies\" \/>\n<meta property=\"og:description\" content=\"Babcock Wanson Group rejoint le Pacte mondial des Nations Unies, la plus grande initiative internationale de d\u00e9veloppement durable et de responsabilit\u00e9 soci\u00e9tale des entreprises.\" \/>\n<meta property=\"og:url\" content=\"https:\/\/www.babcock-wanson.com\/fr\/2024\/01\/16\/babcock-wanson-group-joins-the-united-nations-global-compact\/\" \/>\n<meta property=\"og:site_name\" content=\"Babcock Wanson\" \/>\n<meta property=\"article:published_time\" content=\"2024-01-16T09:44:20+00:00\" \/>\n<meta property=\"article:modified_time\" content=\"2024-01-16T09:57:13+00:00\" \/>\n<meta property=\"og:image\" content=\"https:\/\/www.babcock-wanson.com\/wp-content\/uploads\/2024\/01\/16-objectifs_FR.png\" \/>\n\t<meta property=\"og:image:width\" content=\"605\" \/>\n\t<meta property=\"og:image:height\" content=\"358\" \/>\n\t<meta property=\"og:image:type\" content=\"image\/png\" \/>\n<meta name=\"author\" content=\"fbarry\" \/>\n<meta name=\"twitter:card\" content=\"summary_large_image\" \/>\n<meta name=\"twitter:label1\" content=\"Written by\" \/>\n\t<meta name=\"twitter:data1\" content=\"fbarry\" \/>\n\t<meta name=\"twitter:label2\" content=\"Est. reading time\" \/>\n\t<meta name=\"twitter:data2\" content=\"2 minutes\" \/>\n<script type=\"application\/ld+json\" class=\"yoast-schema-graph\">{\"@context\":\"https:\\\/\\\/schema.org\",\"@graph\":[{\"@type\":\"Article\",\"@id\":\"https:\\\/\\\/www.babcock-wanson.com\\\/fr\\\/2024\\\/01\\\/16\\\/babcock-wanson-group-joins-the-united-nations-global-compact\\\/#article\",\"isPartOf\":{\"@id\":\"https:\\\/\\\/www.babcock-wanson.com\\\/fr\\\/2024\\\/01\\\/16\\\/babcock-wanson-group-joins-the-united-nations-global-compact\\\/\"},\"author\":{\"name\":\"fbarry\",\"@id\":\"https:\\\/\\\/www.babcock-wanson.com\\\/fr\\\/#\\\/schema\\\/person\\\/a350b802524c3662580cafeebe8ce4e9\"},\"headline\":\"Babcock Wanson Group rejoint le Pacte mondial des Nations Unies\",\"datePublished\":\"2024-01-16T09:44:20+00:00\",\"dateModified\":\"2024-01-16T09:57:13+00:00\",\"mainEntityOfPage\":{\"@id\":\"https:\\\/\\\/www.babcock-wanson.com\\\/fr\\\/2024\\\/01\\\/16\\\/babcock-wanson-group-joins-the-united-nations-global-compact\\\/\"},\"wordCount\":274,\"publisher\":{\"@id\":\"https:\\\/\\\/www.babcock-wanson.com\\\/fr\\\/#organization\"},\"image\":{\"@id\":\"https:\\\/\\\/www.babcock-wanson.com\\\/fr\\\/2024\\\/01\\\/16\\\/babcock-wanson-group-joins-the-united-nations-global-compact\\\/#primaryimage\"},\"thumbnailUrl\":\"https:\\\/\\\/www.babcock-wanson.com\\\/wp-content\\\/uploads\\\/2024\\\/01\\\/16-objectifs_FR.png\",\"keywords\":[\"\u00c0 La Une\"],\"articleSection\":[\"Actualit\u00e9s &amp; M\u00e9dias\"],\"inLanguage\":\"fr-FR\"},{\"@type\":\"WebPage\",\"@id\":\"https:\\\/\\\/www.babcock-wanson.com\\\/fr\\\/2024\\\/01\\\/16\\\/babcock-wanson-group-joins-the-united-nations-global-compact\\\/\",\"url\":\"https:\\\/\\\/www.babcock-wanson.com\\\/fr\\\/2024\\\/01\\\/16\\\/babcock-wanson-group-joins-the-united-nations-global-compact\\\/\",\"name\":\"Babcock Wanson Group rejoint le Pacte mondial des Nations Unies - Babcock Wanson\",\"isPartOf\":{\"@id\":\"https:\\\/\\\/www.babcock-wanson.com\\\/fr\\\/#website\"},\"primaryImageOfPage\":{\"@id\":\"https:\\\/\\\/www.babcock-wanson.com\\\/fr\\\/2024\\\/01\\\/16\\\/babcock-wanson-group-joins-the-united-nations-global-compact\\\/#primaryimage\"},\"image\":{\"@id\":\"https:\\\/\\\/www.babcock-wanson.com\\\/fr\\\/2024\\\/01\\\/16\\\/babcock-wanson-group-joins-the-united-nations-global-compact\\\/#primaryimage\"},\"thumbnailUrl\":\"https:\\\/\\\/www.babcock-wanson.com\\\/wp-content\\\/uploads\\\/2024\\\/01\\\/16-objectifs_FR.png\",\"datePublished\":\"2024-01-16T09:44:20+00:00\",\"dateModified\":\"2024-01-16T09:57:13+00:00\",\"description\":\"Babcock Wanson Group rejoint le Pacte mondial des Nations Unies, la plus grande initiative internationale de d\u00e9veloppement durable et de responsabilit\u00e9 soci\u00e9tale des entreprises.\",\"breadcrumb\":{\"@id\":\"https:\\\/\\\/www.babcock-wanson.com\\\/fr\\\/2024\\\/01\\\/16\\\/babcock-wanson-group-joins-the-united-nations-global-compact\\\/#breadcrumb\"},\"inLanguage\":\"fr-FR\",\"potentialAction\":[{\"@type\":\"ReadAction\",\"target\":[\"https:\\\/\\\/www.babcock-wanson.com\\\/fr\\\/2024\\\/01\\\/16\\\/babcock-wanson-group-joins-the-united-nations-global-compact\\\/\"]}]},{\"@type\":\"ImageObject\",\"inLanguage\":\"fr-FR\",\"@id\":\"https:\\\/\\\/www.babcock-wanson.com\\\/fr\\\/2024\\\/01\\\/16\\\/babcock-wanson-group-joins-the-united-nations-global-compact\\\/#primaryimage\",\"url\":\"https:\\\/\\\/www.babcock-wanson.com\\\/wp-content\\\/uploads\\\/2024\\\/01\\\/16-objectifs_FR.png\",\"contentUrl\":\"https:\\\/\\\/www.babcock-wanson.com\\\/wp-content\\\/uploads\\\/2024\\\/01\\\/16-objectifs_FR.png\",\"width\":605,\"height\":358,\"caption\":\"Pacte Mondial de l'ONU - 16 Objectifs D\u00e9veloppement durable\"},{\"@type\":\"BreadcrumbList\",\"@id\":\"https:\\\/\\\/www.babcock-wanson.com\\\/fr\\\/2024\\\/01\\\/16\\\/babcock-wanson-group-joins-the-united-nations-global-compact\\\/#breadcrumb\",\"itemListElement\":[{\"@type\":\"ListItem\",\"position\":1,\"name\":\"Accueil\",\"item\":\"https:\\\/\\\/www.babcock-wanson.com\\\/fr\\\/\"},{\"@type\":\"ListItem\",\"position\":2,\"name\":\"Babcock Wanson Group rejoint le Pacte mondial des Nations Unies\"}]},{\"@type\":\"WebSite\",\"@id\":\"https:\\\/\\\/www.babcock-wanson.com\\\/fr\\\/#website\",\"url\":\"https:\\\/\\\/www.babcock-wanson.com\\\/fr\\\/\",\"name\":\"Babcock Wanson\",\"description\":\"\",\"publisher\":{\"@id\":\"https:\\\/\\\/www.babcock-wanson.com\\\/fr\\\/#organization\"},\"potentialAction\":[{\"@type\":\"SearchAction\",\"target\":{\"@type\":\"EntryPoint\",\"urlTemplate\":\"https:\\\/\\\/www.babcock-wanson.com\\\/fr\\\/?s={search_term_string}\"},\"query-input\":{\"@type\":\"PropertyValueSpecification\",\"valueRequired\":true,\"valueName\":\"search_term_string\"}}],\"inLanguage\":\"fr-FR\"},{\"@type\":\"Organization\",\"@id\":\"https:\\\/\\\/www.babcock-wanson.com\\\/fr\\\/#organization\",\"name\":\"Babcock Wanson\",\"url\":\"https:\\\/\\\/www.babcock-wanson.com\\\/fr\\\/\",\"logo\":{\"@type\":\"ImageObject\",\"inLanguage\":\"fr-FR\",\"@id\":\"https:\\\/\\\/www.babcock-wanson.com\\\/fr\\\/#\\\/schema\\\/logo\\\/image\\\/\",\"url\":\"https:\\\/\\\/www.babcock-wanson.com\\\/wp-content\\\/uploads\\\/2024\\\/02\\\/Babcock-Wanson-1200x1200-1.png\",\"contentUrl\":\"https:\\\/\\\/www.babcock-wanson.com\\\/wp-content\\\/uploads\\\/2024\\\/02\\\/Babcock-Wanson-1200x1200-1.png\",\"width\":1200,\"height\":1200,\"caption\":\"Babcock Wanson\"},\"image\":{\"@id\":\"https:\\\/\\\/www.babcock-wanson.com\\\/fr\\\/#\\\/schema\\\/logo\\\/image\\\/\"},\"sameAs\":[\"https:\\\/\\\/www.linkedin.com\\\/company\\\/babcock-wanson\\\/\",\"https:\\\/\\\/www.youtube.com\\\/channel\\\/UCtxl25VieBBsP2kYmtlyv7A\"]},{\"@type\":\"Person\",\"@id\":\"https:\\\/\\\/www.babcock-wanson.com\\\/fr\\\/#\\\/schema\\\/person\\\/a350b802524c3662580cafeebe8ce4e9\",\"name\":\"fbarry\",\"image\":{\"@type\":\"ImageObject\",\"inLanguage\":\"fr-FR\",\"@id\":\"https:\\\/\\\/secure.gravatar.com\\\/avatar\\\/4fd6dfc5089082b83cfc68e1102dc90131769ff6d8c9457c6e98942b558a407f?s=96&d=mm&r=g\",\"url\":\"https:\\\/\\\/secure.gravatar.com\\\/avatar\\\/4fd6dfc5089082b83cfc68e1102dc90131769ff6d8c9457c6e98942b558a407f?s=96&d=mm&r=g\",\"contentUrl\":\"https:\\\/\\\/secure.gravatar.com\\\/avatar\\\/4fd6dfc5089082b83cfc68e1102dc90131769ff6d8c9457c6e98942b558a407f?s=96&d=mm&r=g\",\"caption\":\"fbarry\"}}]}<\/script>\n<!-- \/ Yoast SEO Premium plugin. -->","yoast_head_json":{"title":"Babcock Wanson Group rejoint le Pacte mondial des Nations Unies - Babcock Wanson","description":"Babcock Wanson Group rejoint le Pacte mondial des Nations Unies, la plus grande initiative internationale de d\u00e9veloppement durable et de responsabilit\u00e9 soci\u00e9tale des entreprises.","robots":{"index":"index","follow":"follow","max-snippet":"max-snippet:-1","max-image-preview":"max-image-preview:large","max-video-preview":"max-video-preview:-1"},"canonical":"https:\/\/www.babcock-wanson.com\/fr\/2024\/01\/16\/babcock-wanson-group-joins-the-united-nations-global-compact\/","og_locale":"fr_FR","og_type":"article","og_title":"Babcock Wanson Group rejoint le Pacte mondial des Nations Unies","og_description":"Babcock Wanson Group rejoint le Pacte mondial des Nations Unies, la plus grande initiative internationale de d\u00e9veloppement durable et de responsabilit\u00e9 soci\u00e9tale des entreprises.","og_url":"https:\/\/www.babcock-wanson.com\/fr\/2024\/01\/16\/babcock-wanson-group-joins-the-united-nations-global-compact\/","og_site_name":"Babcock Wanson","article_published_time":"2024-01-16T09:44:20+00:00","article_modified_time":"2024-01-16T09:57:13+00:00","og_image":[{"width":605,"height":358,"url":"https:\/\/www.babcock-wanson.com\/wp-content\/uploads\/2024\/01\/16-objectifs_FR.png","type":"image\/png"}],"author":"fbarry","twitter_card":"summary_large_image","twitter_misc":{"Written by":"fbarry","Est. reading time":"2 minutes"},"schema":{"@context":"https:\/\/schema.org","@graph":[{"@type":"Article","@id":"https:\/\/www.babcock-wanson.com\/fr\/2024\/01\/16\/babcock-wanson-group-joins-the-united-nations-global-compact\/#article","isPartOf":{"@id":"https:\/\/www.babcock-wanson.com\/fr\/2024\/01\/16\/babcock-wanson-group-joins-the-united-nations-global-compact\/"},"author":{"name":"fbarry","@id":"https:\/\/www.babcock-wanson.com\/fr\/#\/schema\/person\/a350b802524c3662580cafeebe8ce4e9"},"headline":"Babcock Wanson Group rejoint le Pacte mondial des Nations Unies","datePublished":"2024-01-16T09:44:20+00:00","dateModified":"2024-01-16T09:57:13+00:00","mainEntityOfPage":{"@id":"https:\/\/www.babcock-wanson.com\/fr\/2024\/01\/16\/babcock-wanson-group-joins-the-united-nations-global-compact\/"},"wordCount":274,"publisher":{"@id":"https:\/\/www.babcock-wanson.com\/fr\/#organization"},"image":{"@id":"https:\/\/www.babcock-wanson.com\/fr\/2024\/01\/16\/babcock-wanson-group-joins-the-united-nations-global-compact\/#primaryimage"},"thumbnailUrl":"https:\/\/www.babcock-wanson.com\/wp-content\/uploads\/2024\/01\/16-objectifs_FR.png","keywords":["\u00c0 La Une"],"articleSection":["Actualit\u00e9s &amp; M\u00e9dias"],"inLanguage":"fr-FR"},{"@type":"WebPage","@id":"https:\/\/www.babcock-wanson.com\/fr\/2024\/01\/16\/babcock-wanson-group-joins-the-united-nations-global-compact\/","url":"https:\/\/www.babcock-wanson.com\/fr\/2024\/01\/16\/babcock-wanson-group-joins-the-united-nations-global-compact\/","name":"Babcock Wanson Group rejoint le Pacte mondial des Nations Unies - Babcock Wanson","isPartOf":{"@id":"https:\/\/www.babcock-wanson.com\/fr\/#website"},"primaryImageOfPage":{"@id":"https:\/\/www.babcock-wanson.com\/fr\/2024\/01\/16\/babcock-wanson-group-joins-the-united-nations-global-compact\/#primaryimage"},"image":{"@id":"https:\/\/www.babcock-wanson.com\/fr\/2024\/01\/16\/babcock-wanson-group-joins-the-united-nations-global-compact\/#primaryimage"},"thumbnailUrl":"https:\/\/www.babcock-wanson.com\/wp-content\/uploads\/2024\/01\/16-objectifs_FR.png","datePublished":"2024-01-16T09:44:20+00:00","dateModified":"2024-01-16T09:57:13+00:00","description":"Babcock Wanson Group rejoint le Pacte mondial des Nations Unies, la plus grande initiative internationale de d\u00e9veloppement durable et de responsabilit\u00e9 soci\u00e9tale des entreprises.","breadcrumb":{"@id":"https:\/\/www.babcock-wanson.com\/fr\/2024\/01\/16\/babcock-wanson-group-joins-the-united-nations-global-compact\/#breadcrumb"},"inLanguage":"fr-FR","potentialAction":[{"@type":"ReadAction","target":["https:\/\/www.babcock-wanson.com\/fr\/2024\/01\/16\/babcock-wanson-group-joins-the-united-nations-global-compact\/"]}]},{"@type":"ImageObject","inLanguage":"fr-FR","@id":"https:\/\/www.babcock-wanson.com\/fr\/2024\/01\/16\/babcock-wanson-group-joins-the-united-nations-global-compact\/#primaryimage","url":"https:\/\/www.babcock-wanson.com\/wp-content\/uploads\/2024\/01\/16-objectifs_FR.png","contentUrl":"https:\/\/www.babcock-wanson.com\/wp-content\/uploads\/2024\/01\/16-objectifs_FR.png","width":605,"height":358,"caption":"Pacte Mondial de l'ONU - 16 Objectifs D\u00e9veloppement durable"},{"@type":"BreadcrumbList","@id":"https:\/\/www.babcock-wanson.com\/fr\/2024\/01\/16\/babcock-wanson-group-joins-the-united-nations-global-compact\/#breadcrumb","itemListElement":[{"@type":"ListItem","position":1,"name":"Accueil","item":"https:\/\/www.babcock-wanson.com\/fr\/"},{"@type":"ListItem","position":2,"name":"Babcock Wanson Group rejoint le Pacte mondial des Nations Unies"}]},{"@type":"WebSite","@id":"https:\/\/www.babcock-wanson.com\/fr\/#website","url":"https:\/\/www.babcock-wanson.com\/fr\/","name":"Babcock Wanson","description":"","publisher":{"@id":"https:\/\/www.babcock-wanson.com\/fr\/#organization"},"potentialAction":[{"@type":"SearchAction","target":{"@type":"EntryPoint","urlTemplate":"https:\/\/www.babcock-wanson.com\/fr\/?s={search_term_string}"},"query-input":{"@type":"PropertyValueSpecification","valueRequired":true,"valueName":"search_term_string"}}],"inLanguage":"fr-FR"},{"@type":"Organization","@id":"https:\/\/www.babcock-wanson.com\/fr\/#organization","name":"Babcock Wanson","url":"https:\/\/www.babcock-wanson.com\/fr\/","logo":{"@type":"ImageObject","inLanguage":"fr-FR","@id":"https:\/\/www.babcock-wanson.com\/fr\/#\/schema\/logo\/image\/","url":"https:\/\/www.babcock-wanson.com\/wp-content\/uploads\/2024\/02\/Babcock-Wanson-1200x1200-1.png","contentUrl":"https:\/\/www.babcock-wanson.com\/wp-content\/uploads\/2024\/02\/Babcock-Wanson-1200x1200-1.png","width":1200,"height":1200,"caption":"Babcock Wanson"},"image":{"@id":"https:\/\/www.babcock-wanson.com\/fr\/#\/schema\/logo\/image\/"},"sameAs":["https:\/\/www.linkedin.com\/company\/babcock-wanson\/","https:\/\/www.youtube.com\/channel\/UCtxl25VieBBsP2kYmtlyv7A"]},{"@type":"Person","@id":"https:\/\/www.babcock-wanson.com\/fr\/#\/schema\/person\/a350b802524c3662580cafeebe8ce4e9","name":"fbarry","image":{"@type":"ImageObject","inLanguage":"fr-FR","@id":"https:\/\/secure.gravatar.com\/avatar\/4fd6dfc5089082b83cfc68e1102dc90131769ff6d8c9457c6e98942b558a407f?s=96&d=mm&r=g","url":"https:\/\/secure.gravatar.com\/avatar\/4fd6dfc5089082b83cfc68e1102dc90131769ff6d8c9457c6e98942b558a407f?s=96&d=mm&r=g","contentUrl":"https:\/\/secure.gravatar.com\/avatar\/4fd6dfc5089082b83cfc68e1102dc90131769ff6d8c9457c6e98942b558a407f?s=96&d=mm&r=g","caption":"fbarry"}}]}},"jetpack_featured_media_url":"https:\/\/www.babcock-wanson.com\/wp-content\/uploads\/2024\/01\/16-objectifs_FR.png","jetpack_sharing_enabled":true,"_links":{"self":[{"href":"https:\/\/www.babcock-wanson.com\/fr\/wp-json\/wp\/v2\/posts\/47118","targetHints":{"allow":["GET"]}}],"collection":[{"href":"https:\/\/www.babcock-wanson.com\/fr\/wp-json\/wp\/v2\/posts"}],"about":[{"href":"https:\/\/www.babcock-wanson.com\/fr\/wp-json\/wp\/v2\/types\/post"}],"author":[{"embeddable":true,"href":"https:\/\/www.babcock-wanson.com\/fr\/wp-json\/wp\/v2\/users\/29262"}],"replies":[{"embeddable":true,"href":"https:\/\/www.babcock-wanson.com\/fr\/wp-json\/wp\/v2\/comments?post=47118"}],"version-history":[{"count":5,"href":"https:\/\/www.babcock-wanson.com\/fr\/wp-json\/wp\/v2\/posts\/47118\/revisions"}],"predecessor-version":[{"id":47130,"href":"https:\/\/www.babcock-wanson.com\/fr\/wp-json\/wp\/v2\/posts\/47118\/revisions\/47130"}],"wp:featuredmedia":[{"embeddable":true,"href":"https:\/\/www.babcock-wanson.com\/fr\/wp-json\/wp\/v2\/media\/47120"}],"wp:attachment":[{"href":"https:\/\/www.babcock-wanson.com\/fr\/wp-json\/wp\/v2\/media?parent=47118"}],"wp:term":[{"taxonomy":"category","embeddable":true,"href":"https:\/\/www.babcock-wanson.com\/fr\/wp-json\/wp\/v2\/categories?post=47118"},{"taxonomy":"post_tag","embeddable":true,"href":"https:\/\/www.babcock-wanson.com\/fr\/wp-json\/wp\/v2\/tags?post=47118"}],"curies":[{"name":"wp","href":"https:\/\/api.w.org\/{rel}","templated":true}]}}