{"id":34205,"date":"2020-10-12T10:05:35","date_gmt":"2020-10-12T09:05:35","guid":{"rendered":"https:\/\/www.babcock-wanson.com\/2020\/10\/12\/babcock-wanson-finalises-its-second-acquisition-in-europe\/"},"modified":"2021-04-06T10:25:44","modified_gmt":"2021-04-06T09:25:44","slug":"babcock-wanson-finaliza-segunda-aquisicao-europa","status":"publish","type":"post","link":"https:\/\/www.babcock-wanson.com\/pt-pt\/2020\/10\/12\/babcock-wanson-finaliza-segunda-aquisicao-europa\/","title":{"rendered":"A Babcock Wanson finaliza a sua segunda aquisi\u00e7\u00e3o na Europa"},"content":{"rendered":"<div class=\"vgblk-rw-wrapper limit-wrapper\"><strong>Um importante player na transi\u00e7\u00e3o energ\u00e9tica internacional, especializada na fabrica\u00e7\u00e3o e manuten\u00e7\u00e3o de equipamentos e solu\u00e7\u00f5es de aquecimento, a Babcock Wanson continua sua estrat\u00e9gia de crescimento internacional com a aquisi\u00e7\u00e3o da Maes na B\u00e9lgica.<\/strong><\/p>\n<p>A Maes torna-se a subsidi\u00e1ria belga da Babcock Wanson e continuar\u00e1 a ser administrada e desenvolvida pelos seus fundadores. Com 35 anos de experi\u00eancia e mais de 300 instala\u00e7\u00f5es conclu\u00eddas, a Maes \u00e9 especialista na manuten\u00e7\u00e3o e instala\u00e7\u00e3o de <a href=\"https:\/\/www.babcock-wanson.com\/pt-pt\/categoria-produto\/caldeiras-industriais\/\">caldeiras de vapor<\/a> e <a href=\"https:\/\/www.babcock-wanson.com\/pt-pt\/categoria-produto\/caldeiras-de-fluido-termico\/\">caldeiras de fluido t\u00e9rmico<\/a>. A empresa gerou 7 milh\u00f5es de \u20ac em vendas em 2019 e emprega cerca de 20 t\u00e9cnicos.<\/p>\n<p>Desde a sua separa\u00e7\u00e3o do grupo CNIM em 2016, a Babcock Wanson tem sido apoiada pela FCDE para se desenvolver ainda mais como grupo atrav\u00e9s do crescimento org\u00e2nico e externo, em particular no neg\u00f3cio de servi\u00e7os.<\/p>\n<p>A primeira aquisi\u00e7\u00e3o bem-sucedida apoiada pela FCDE foi a Reputabel Warmtetechniek na Holanda em 2017. Isso permitiu \u00e0 Babcock Wanson estender ainda mais sua presen\u00e7a geogr\u00e1fica e consolidar sua posi\u00e7\u00e3o de lideran\u00e7a no mercado europeu de <a href=\"https:\/\/www.babcock-wanson.com\/pt-pt\/categoria-produto\/caldeiras-industriais\/\">caldeiras industriais<\/a> de m\u00e9dia pot\u00eancia, enquanto posiciona seu mix de produtos mais voltado para servi\u00e7os. Em 2019, o grupo gerou 106 milh\u00f5es de euros em vendas e, apesar da atual pandemia, a atividade do grupo continua forte. Isso \u00e9 impulsionado pela din\u00e2mica de sua grande base de clientes, que est\u00e1 focada nas ind\u00fastrias aliment\u00edcia e farmac\u00eautica.<\/p>\n<p>Com esta aquisi\u00e7\u00e3o, a Babcock Wanson refor\u00e7a a sua posi\u00e7\u00e3o na Europa e a sua estrat\u00e9gia de proximidade na implementa\u00e7\u00e3o das suas actividades de servi\u00e7o. O grupo est\u00e1 tamb\u00e9m em negocia\u00e7\u00f5es avan\u00e7adas com v\u00e1rias outras empresas europeias na manuten\u00e7\u00e3o, repara\u00e7\u00e3o e <a href=\"https:\/\/www.babcock-wanson.com\/pt-pt\/servicos\/aluguer-de-caldeiras\/\">aluguer de caldeiras industriais<\/a>.<\/p>\n<p><strong>Cyril Fournier-Montgieux, CEO da Babcock Wanson declarou:<\/strong> <em>\u201cA aquisi\u00e7\u00e3o de uma empresa din\u00e2mica como a Maes \u00e9 uma grande oportunidade para estabelecer a nossa presen\u00e7a direta no mercado belga a fim de melhor distribuir todos os nossos produtos e servi\u00e7os associados. Para a Maes e a sua equipa, esta tamb\u00e9m \u00e9 a oportunidade de contar com um l\u00edder de mercado e, assim, consolidar sua posi\u00e7\u00e3o no seu territ\u00f3rio.\u201d<\/em><\/p>\n<p><strong>Julien Di Marco, S\u00f3cio e Membro do Conselho Executivo da FCDE acrescentou:<\/strong> <em>\u201cTendo suspendido a execu\u00e7\u00e3o de sua estrat\u00e9gia de crescimento externo durante o bloqueio, o grupo Babcock Wanson, apoiado pela FCDE, est\u00e1 a acelerar a sua ambi\u00e7\u00e3o de consolidar a manuten\u00e7\u00e3o de caldeiras industriais num mercado europeu ainda altamente fragmentado e fortalece ainda mais sua posi\u00e7\u00e3o como um protagonista na transi\u00e7\u00e3o energ\u00e9tica.\u201d<\/em><\/div>\n<p><!-- .vgblk-rw-wrapper --><\/p>\n","protected":false},"excerpt":{"rendered":"<p>Um importante player na transi\u00e7\u00e3o energ\u00e9tica internacional, especializada na fabrica\u00e7\u00e3o e manuten\u00e7\u00e3o de equipamentos e solu\u00e7\u00f5es de aquecimento, a Babcock Wanson continua sua estrat\u00e9gia de crescimento internacional com a aquisi\u00e7\u00e3o da Maes na B\u00e9lgica. A Maes torna-se a subsidi\u00e1ria belga da Babcock Wanson e continuar\u00e1 a ser administrada e desenvolvida pelos seus fundadores. Com 35&#8230;<\/p>\n","protected":false},"author":29262,"featured_media":34198,"comment_status":"closed","ping_status":"open","sticky":false,"template":"","format":"standard","meta":{"_acf_changed":false,"_relevanssi_hide_post":"","_relevanssi_hide_content":"","_relevanssi_pin_for_all":"","_relevanssi_pin_keywords":"","_relevanssi_unpin_keywords":"","_relevanssi_related_keywords":"","_relevanssi_related_include_ids":"","_relevanssi_related_exclude_ids":"","_relevanssi_related_no_append":"","_relevanssi_related_not_related":"","_relevanssi_related_posts":"","_relevanssi_noindex_reason":"","_jetpack_memberships_contains_paid_content":false,"footnotes":""},"categories":[5184],"tags":[5322,6389],"class_list":["post-34205","post","type-post","status-publish","format-standard","has-post-thumbnail","hentry","category-noticias-e-comunicados-de-imprensa","tag-destaque","tag-international-growth-strategy-pt-pt"],"acf":[],"yoast_head":"<!-- This site is optimized with the Yoast SEO Premium plugin v27.4 (Yoast SEO v27.4) - https:\/\/yoast.com\/product\/yoast-seo-premium-wordpress\/ -->\n<title>A Babcock Wanson finaliza a sua segunda aquisi\u00e7\u00e3o na Europa - Babcock Wanson<\/title>\n<meta name=\"description\" content=\"A Babcock Wanson continua sua estrat\u00e9gia de crescimento internacional com a aquisi\u00e7\u00e3o da Maes na B\u00e9lgica.\" \/>\n<meta name=\"robots\" content=\"index, follow, max-snippet:-1, max-image-preview:large, max-video-preview:-1\" \/>\n<link rel=\"canonical\" href=\"https:\/\/www.babcock-wanson.com\/pt-pt\/2020\/10\/12\/babcock-wanson-finaliza-segunda-aquisicao-europa\/\" \/>\n<meta property=\"og:locale\" content=\"pt_PT\" \/>\n<meta property=\"og:type\" content=\"article\" \/>\n<meta property=\"og:title\" content=\"A Babcock Wanson finaliza a sua segunda aquisi\u00e7\u00e3o na Europa\" \/>\n<meta property=\"og:description\" content=\"A Babcock Wanson continua sua estrat\u00e9gia de crescimento internacional com a aquisi\u00e7\u00e3o da Maes na B\u00e9lgica.\" \/>\n<meta property=\"og:url\" content=\"https:\/\/www.babcock-wanson.com\/pt-pt\/2020\/10\/12\/babcock-wanson-finaliza-segunda-aquisicao-europa\/\" \/>\n<meta property=\"og:site_name\" content=\"Babcock Wanson\" \/>\n<meta property=\"article:published_time\" content=\"2020-10-12T09:05:35+00:00\" \/>\n<meta property=\"article:modified_time\" content=\"2021-04-06T09:25:44+00:00\" \/>\n<meta property=\"og:image\" content=\"https:\/\/www.babcock-wanson.com\/wp-content\/uploads\/2020\/10\/logo_MAES_web.jpg\" \/>\n\t<meta property=\"og:image:width\" content=\"600\" \/>\n\t<meta property=\"og:image:height\" content=\"400\" \/>\n\t<meta property=\"og:image:type\" content=\"image\/jpeg\" \/>\n<meta name=\"author\" content=\"fbarry\" \/>\n<meta name=\"twitter:card\" content=\"summary_large_image\" \/>\n<meta name=\"twitter:label1\" content=\"Written by\" \/>\n\t<meta name=\"twitter:data1\" content=\"fbarry\" \/>\n\t<meta name=\"twitter:label2\" content=\"Est. reading time\" \/>\n\t<meta name=\"twitter:data2\" content=\"2 minutos\" \/>\n<script type=\"application\/ld+json\" class=\"yoast-schema-graph\">{\"@context\":\"https:\\\/\\\/schema.org\",\"@graph\":[{\"@type\":\"Article\",\"@id\":\"https:\\\/\\\/www.babcock-wanson.com\\\/pt-pt\\\/2020\\\/10\\\/12\\\/babcock-wanson-finaliza-segunda-aquisicao-europa\\\/#article\",\"isPartOf\":{\"@id\":\"https:\\\/\\\/www.babcock-wanson.com\\\/pt-pt\\\/2020\\\/10\\\/12\\\/babcock-wanson-finaliza-segunda-aquisicao-europa\\\/\"},\"author\":{\"name\":\"fbarry\",\"@id\":\"https:\\\/\\\/www.babcock-wanson.com\\\/pt-pt\\\/#\\\/schema\\\/person\\\/a350b802524c3662580cafeebe8ce4e9\"},\"headline\":\"A Babcock Wanson finaliza a sua segunda aquisi\u00e7\u00e3o na Europa\",\"datePublished\":\"2020-10-12T09:05:35+00:00\",\"dateModified\":\"2021-04-06T09:25:44+00:00\",\"mainEntityOfPage\":{\"@id\":\"https:\\\/\\\/www.babcock-wanson.com\\\/pt-pt\\\/2020\\\/10\\\/12\\\/babcock-wanson-finaliza-segunda-aquisicao-europa\\\/\"},\"wordCount\":461,\"publisher\":{\"@id\":\"https:\\\/\\\/www.babcock-wanson.com\\\/pt-pt\\\/#organization\"},\"image\":{\"@id\":\"https:\\\/\\\/www.babcock-wanson.com\\\/pt-pt\\\/2020\\\/10\\\/12\\\/babcock-wanson-finaliza-segunda-aquisicao-europa\\\/#primaryimage\"},\"thumbnailUrl\":\"https:\\\/\\\/www.babcock-wanson.com\\\/wp-content\\\/uploads\\\/2020\\\/10\\\/logo_MAES_web.jpg\",\"keywords\":[\"Destaque\",\"International growth strategy\"],\"articleSection\":[\"Not\u00edcias e comunicados de Imprensa\"],\"inLanguage\":\"pt-PT\"},{\"@type\":\"WebPage\",\"@id\":\"https:\\\/\\\/www.babcock-wanson.com\\\/pt-pt\\\/2020\\\/10\\\/12\\\/babcock-wanson-finaliza-segunda-aquisicao-europa\\\/\",\"url\":\"https:\\\/\\\/www.babcock-wanson.com\\\/pt-pt\\\/2020\\\/10\\\/12\\\/babcock-wanson-finaliza-segunda-aquisicao-europa\\\/\",\"name\":\"A Babcock Wanson finaliza a sua segunda aquisi\u00e7\u00e3o na Europa - Babcock Wanson\",\"isPartOf\":{\"@id\":\"https:\\\/\\\/www.babcock-wanson.com\\\/pt-pt\\\/#website\"},\"primaryImageOfPage\":{\"@id\":\"https:\\\/\\\/www.babcock-wanson.com\\\/pt-pt\\\/2020\\\/10\\\/12\\\/babcock-wanson-finaliza-segunda-aquisicao-europa\\\/#primaryimage\"},\"image\":{\"@id\":\"https:\\\/\\\/www.babcock-wanson.com\\\/pt-pt\\\/2020\\\/10\\\/12\\\/babcock-wanson-finaliza-segunda-aquisicao-europa\\\/#primaryimage\"},\"thumbnailUrl\":\"https:\\\/\\\/www.babcock-wanson.com\\\/wp-content\\\/uploads\\\/2020\\\/10\\\/logo_MAES_web.jpg\",\"datePublished\":\"2020-10-12T09:05:35+00:00\",\"dateModified\":\"2021-04-06T09:25:44+00:00\",\"description\":\"A Babcock Wanson continua sua estrat\u00e9gia de crescimento internacional com a aquisi\u00e7\u00e3o da Maes na B\u00e9lgica.\",\"breadcrumb\":{\"@id\":\"https:\\\/\\\/www.babcock-wanson.com\\\/pt-pt\\\/2020\\\/10\\\/12\\\/babcock-wanson-finaliza-segunda-aquisicao-europa\\\/#breadcrumb\"},\"inLanguage\":\"pt-PT\",\"potentialAction\":[{\"@type\":\"ReadAction\",\"target\":[\"https:\\\/\\\/www.babcock-wanson.com\\\/pt-pt\\\/2020\\\/10\\\/12\\\/babcock-wanson-finaliza-segunda-aquisicao-europa\\\/\"]}]},{\"@type\":\"ImageObject\",\"inLanguage\":\"pt-PT\",\"@id\":\"https:\\\/\\\/www.babcock-wanson.com\\\/pt-pt\\\/2020\\\/10\\\/12\\\/babcock-wanson-finaliza-segunda-aquisicao-europa\\\/#primaryimage\",\"url\":\"https:\\\/\\\/www.babcock-wanson.com\\\/wp-content\\\/uploads\\\/2020\\\/10\\\/logo_MAES_web.jpg\",\"contentUrl\":\"https:\\\/\\\/www.babcock-wanson.com\\\/wp-content\\\/uploads\\\/2020\\\/10\\\/logo_MAES_web.jpg\",\"width\":600,\"height\":400,\"caption\":\"Logo - MAES - B\u00e9lgica\"},{\"@type\":\"BreadcrumbList\",\"@id\":\"https:\\\/\\\/www.babcock-wanson.com\\\/pt-pt\\\/2020\\\/10\\\/12\\\/babcock-wanson-finaliza-segunda-aquisicao-europa\\\/#breadcrumb\",\"itemListElement\":[{\"@type\":\"ListItem\",\"position\":1,\"name\":\"Inicio\",\"item\":\"https:\\\/\\\/www.babcock-wanson.com\\\/pt-pt\\\/\"},{\"@type\":\"ListItem\",\"position\":2,\"name\":\"A Babcock Wanson finaliza a sua segunda aquisi\u00e7\u00e3o na Europa\"}]},{\"@type\":\"WebSite\",\"@id\":\"https:\\\/\\\/www.babcock-wanson.com\\\/pt-pt\\\/#website\",\"url\":\"https:\\\/\\\/www.babcock-wanson.com\\\/pt-pt\\\/\",\"name\":\"Babcock Wanson\",\"description\":\"\",\"publisher\":{\"@id\":\"https:\\\/\\\/www.babcock-wanson.com\\\/pt-pt\\\/#organization\"},\"potentialAction\":[{\"@type\":\"SearchAction\",\"target\":{\"@type\":\"EntryPoint\",\"urlTemplate\":\"https:\\\/\\\/www.babcock-wanson.com\\\/pt-pt\\\/?s={search_term_string}\"},\"query-input\":{\"@type\":\"PropertyValueSpecification\",\"valueRequired\":true,\"valueName\":\"search_term_string\"}}],\"inLanguage\":\"pt-PT\"},{\"@type\":\"Organization\",\"@id\":\"https:\\\/\\\/www.babcock-wanson.com\\\/pt-pt\\\/#organization\",\"name\":\"Babcock Wanson\",\"url\":\"https:\\\/\\\/www.babcock-wanson.com\\\/pt-pt\\\/\",\"logo\":{\"@type\":\"ImageObject\",\"inLanguage\":\"pt-PT\",\"@id\":\"https:\\\/\\\/www.babcock-wanson.com\\\/pt-pt\\\/#\\\/schema\\\/logo\\\/image\\\/\",\"url\":\"https:\\\/\\\/www.babcock-wanson.com\\\/wp-content\\\/uploads\\\/2024\\\/02\\\/Babcock-Wanson-1200x1200-1.png\",\"contentUrl\":\"https:\\\/\\\/www.babcock-wanson.com\\\/wp-content\\\/uploads\\\/2024\\\/02\\\/Babcock-Wanson-1200x1200-1.png\",\"width\":1200,\"height\":1200,\"caption\":\"Babcock Wanson\"},\"image\":{\"@id\":\"https:\\\/\\\/www.babcock-wanson.com\\\/pt-pt\\\/#\\\/schema\\\/logo\\\/image\\\/\"},\"sameAs\":[\"https:\\\/\\\/www.linkedin.com\\\/company\\\/babcock-wanson\\\/\",\"https:\\\/\\\/www.youtube.com\\\/channel\\\/UCtxl25VieBBsP2kYmtlyv7A\"]},{\"@type\":\"Person\",\"@id\":\"https:\\\/\\\/www.babcock-wanson.com\\\/pt-pt\\\/#\\\/schema\\\/person\\\/a350b802524c3662580cafeebe8ce4e9\",\"name\":\"fbarry\",\"image\":{\"@type\":\"ImageObject\",\"inLanguage\":\"pt-PT\",\"@id\":\"https:\\\/\\\/secure.gravatar.com\\\/avatar\\\/4fd6dfc5089082b83cfc68e1102dc90131769ff6d8c9457c6e98942b558a407f?s=96&d=mm&r=g\",\"url\":\"https:\\\/\\\/secure.gravatar.com\\\/avatar\\\/4fd6dfc5089082b83cfc68e1102dc90131769ff6d8c9457c6e98942b558a407f?s=96&d=mm&r=g\",\"contentUrl\":\"https:\\\/\\\/secure.gravatar.com\\\/avatar\\\/4fd6dfc5089082b83cfc68e1102dc90131769ff6d8c9457c6e98942b558a407f?s=96&d=mm&r=g\",\"caption\":\"fbarry\"}}]}<\/script>\n<!-- \/ Yoast SEO Premium plugin. -->","yoast_head_json":{"title":"A Babcock Wanson finaliza a sua segunda aquisi\u00e7\u00e3o na Europa - Babcock Wanson","description":"A Babcock Wanson continua sua estrat\u00e9gia de crescimento internacional com a aquisi\u00e7\u00e3o da Maes na B\u00e9lgica.","robots":{"index":"index","follow":"follow","max-snippet":"max-snippet:-1","max-image-preview":"max-image-preview:large","max-video-preview":"max-video-preview:-1"},"canonical":"https:\/\/www.babcock-wanson.com\/pt-pt\/2020\/10\/12\/babcock-wanson-finaliza-segunda-aquisicao-europa\/","og_locale":"pt_PT","og_type":"article","og_title":"A Babcock Wanson finaliza a sua segunda aquisi\u00e7\u00e3o na Europa","og_description":"A Babcock Wanson continua sua estrat\u00e9gia de crescimento internacional com a aquisi\u00e7\u00e3o da Maes na B\u00e9lgica.","og_url":"https:\/\/www.babcock-wanson.com\/pt-pt\/2020\/10\/12\/babcock-wanson-finaliza-segunda-aquisicao-europa\/","og_site_name":"Babcock Wanson","article_published_time":"2020-10-12T09:05:35+00:00","article_modified_time":"2021-04-06T09:25:44+00:00","og_image":[{"width":600,"height":400,"url":"https:\/\/www.babcock-wanson.com\/wp-content\/uploads\/2020\/10\/logo_MAES_web.jpg","type":"image\/jpeg"}],"author":"fbarry","twitter_card":"summary_large_image","twitter_misc":{"Written by":"fbarry","Est. reading time":"2 minutos"},"schema":{"@context":"https:\/\/schema.org","@graph":[{"@type":"Article","@id":"https:\/\/www.babcock-wanson.com\/pt-pt\/2020\/10\/12\/babcock-wanson-finaliza-segunda-aquisicao-europa\/#article","isPartOf":{"@id":"https:\/\/www.babcock-wanson.com\/pt-pt\/2020\/10\/12\/babcock-wanson-finaliza-segunda-aquisicao-europa\/"},"author":{"name":"fbarry","@id":"https:\/\/www.babcock-wanson.com\/pt-pt\/#\/schema\/person\/a350b802524c3662580cafeebe8ce4e9"},"headline":"A Babcock Wanson finaliza a sua segunda aquisi\u00e7\u00e3o na Europa","datePublished":"2020-10-12T09:05:35+00:00","dateModified":"2021-04-06T09:25:44+00:00","mainEntityOfPage":{"@id":"https:\/\/www.babcock-wanson.com\/pt-pt\/2020\/10\/12\/babcock-wanson-finaliza-segunda-aquisicao-europa\/"},"wordCount":461,"publisher":{"@id":"https:\/\/www.babcock-wanson.com\/pt-pt\/#organization"},"image":{"@id":"https:\/\/www.babcock-wanson.com\/pt-pt\/2020\/10\/12\/babcock-wanson-finaliza-segunda-aquisicao-europa\/#primaryimage"},"thumbnailUrl":"https:\/\/www.babcock-wanson.com\/wp-content\/uploads\/2020\/10\/logo_MAES_web.jpg","keywords":["Destaque","International growth strategy"],"articleSection":["Not\u00edcias e comunicados de Imprensa"],"inLanguage":"pt-PT"},{"@type":"WebPage","@id":"https:\/\/www.babcock-wanson.com\/pt-pt\/2020\/10\/12\/babcock-wanson-finaliza-segunda-aquisicao-europa\/","url":"https:\/\/www.babcock-wanson.com\/pt-pt\/2020\/10\/12\/babcock-wanson-finaliza-segunda-aquisicao-europa\/","name":"A Babcock Wanson finaliza a sua segunda aquisi\u00e7\u00e3o na Europa - Babcock Wanson","isPartOf":{"@id":"https:\/\/www.babcock-wanson.com\/pt-pt\/#website"},"primaryImageOfPage":{"@id":"https:\/\/www.babcock-wanson.com\/pt-pt\/2020\/10\/12\/babcock-wanson-finaliza-segunda-aquisicao-europa\/#primaryimage"},"image":{"@id":"https:\/\/www.babcock-wanson.com\/pt-pt\/2020\/10\/12\/babcock-wanson-finaliza-segunda-aquisicao-europa\/#primaryimage"},"thumbnailUrl":"https:\/\/www.babcock-wanson.com\/wp-content\/uploads\/2020\/10\/logo_MAES_web.jpg","datePublished":"2020-10-12T09:05:35+00:00","dateModified":"2021-04-06T09:25:44+00:00","description":"A Babcock Wanson continua sua estrat\u00e9gia de crescimento internacional com a aquisi\u00e7\u00e3o da Maes na B\u00e9lgica.","breadcrumb":{"@id":"https:\/\/www.babcock-wanson.com\/pt-pt\/2020\/10\/12\/babcock-wanson-finaliza-segunda-aquisicao-europa\/#breadcrumb"},"inLanguage":"pt-PT","potentialAction":[{"@type":"ReadAction","target":["https:\/\/www.babcock-wanson.com\/pt-pt\/2020\/10\/12\/babcock-wanson-finaliza-segunda-aquisicao-europa\/"]}]},{"@type":"ImageObject","inLanguage":"pt-PT","@id":"https:\/\/www.babcock-wanson.com\/pt-pt\/2020\/10\/12\/babcock-wanson-finaliza-segunda-aquisicao-europa\/#primaryimage","url":"https:\/\/www.babcock-wanson.com\/wp-content\/uploads\/2020\/10\/logo_MAES_web.jpg","contentUrl":"https:\/\/www.babcock-wanson.com\/wp-content\/uploads\/2020\/10\/logo_MAES_web.jpg","width":600,"height":400,"caption":"Logo - MAES - B\u00e9lgica"},{"@type":"BreadcrumbList","@id":"https:\/\/www.babcock-wanson.com\/pt-pt\/2020\/10\/12\/babcock-wanson-finaliza-segunda-aquisicao-europa\/#breadcrumb","itemListElement":[{"@type":"ListItem","position":1,"name":"Inicio","item":"https:\/\/www.babcock-wanson.com\/pt-pt\/"},{"@type":"ListItem","position":2,"name":"A Babcock Wanson finaliza a sua segunda aquisi\u00e7\u00e3o na Europa"}]},{"@type":"WebSite","@id":"https:\/\/www.babcock-wanson.com\/pt-pt\/#website","url":"https:\/\/www.babcock-wanson.com\/pt-pt\/","name":"Babcock Wanson","description":"","publisher":{"@id":"https:\/\/www.babcock-wanson.com\/pt-pt\/#organization"},"potentialAction":[{"@type":"SearchAction","target":{"@type":"EntryPoint","urlTemplate":"https:\/\/www.babcock-wanson.com\/pt-pt\/?s={search_term_string}"},"query-input":{"@type":"PropertyValueSpecification","valueRequired":true,"valueName":"search_term_string"}}],"inLanguage":"pt-PT"},{"@type":"Organization","@id":"https:\/\/www.babcock-wanson.com\/pt-pt\/#organization","name":"Babcock Wanson","url":"https:\/\/www.babcock-wanson.com\/pt-pt\/","logo":{"@type":"ImageObject","inLanguage":"pt-PT","@id":"https:\/\/www.babcock-wanson.com\/pt-pt\/#\/schema\/logo\/image\/","url":"https:\/\/www.babcock-wanson.com\/wp-content\/uploads\/2024\/02\/Babcock-Wanson-1200x1200-1.png","contentUrl":"https:\/\/www.babcock-wanson.com\/wp-content\/uploads\/2024\/02\/Babcock-Wanson-1200x1200-1.png","width":1200,"height":1200,"caption":"Babcock Wanson"},"image":{"@id":"https:\/\/www.babcock-wanson.com\/pt-pt\/#\/schema\/logo\/image\/"},"sameAs":["https:\/\/www.linkedin.com\/company\/babcock-wanson\/","https:\/\/www.youtube.com\/channel\/UCtxl25VieBBsP2kYmtlyv7A"]},{"@type":"Person","@id":"https:\/\/www.babcock-wanson.com\/pt-pt\/#\/schema\/person\/a350b802524c3662580cafeebe8ce4e9","name":"fbarry","image":{"@type":"ImageObject","inLanguage":"pt-PT","@id":"https:\/\/secure.gravatar.com\/avatar\/4fd6dfc5089082b83cfc68e1102dc90131769ff6d8c9457c6e98942b558a407f?s=96&d=mm&r=g","url":"https:\/\/secure.gravatar.com\/avatar\/4fd6dfc5089082b83cfc68e1102dc90131769ff6d8c9457c6e98942b558a407f?s=96&d=mm&r=g","contentUrl":"https:\/\/secure.gravatar.com\/avatar\/4fd6dfc5089082b83cfc68e1102dc90131769ff6d8c9457c6e98942b558a407f?s=96&d=mm&r=g","caption":"fbarry"}}]}},"jetpack_featured_media_url":"https:\/\/www.babcock-wanson.com\/wp-content\/uploads\/2020\/10\/logo_MAES_web.jpg","jetpack_sharing_enabled":true,"_links":{"self":[{"href":"https:\/\/www.babcock-wanson.com\/pt-pt\/wp-json\/wp\/v2\/posts\/34205","targetHints":{"allow":["GET"]}}],"collection":[{"href":"https:\/\/www.babcock-wanson.com\/pt-pt\/wp-json\/wp\/v2\/posts"}],"about":[{"href":"https:\/\/www.babcock-wanson.com\/pt-pt\/wp-json\/wp\/v2\/types\/post"}],"author":[{"embeddable":true,"href":"https:\/\/www.babcock-wanson.com\/pt-pt\/wp-json\/wp\/v2\/users\/29262"}],"replies":[{"embeddable":true,"href":"https:\/\/www.babcock-wanson.com\/pt-pt\/wp-json\/wp\/v2\/comments?post=34205"}],"version-history":[{"count":5,"href":"https:\/\/www.babcock-wanson.com\/pt-pt\/wp-json\/wp\/v2\/posts\/34205\/revisions"}],"predecessor-version":[{"id":38623,"href":"https:\/\/www.babcock-wanson.com\/pt-pt\/wp-json\/wp\/v2\/posts\/34205\/revisions\/38623"}],"wp:featuredmedia":[{"embeddable":true,"href":"https:\/\/www.babcock-wanson.com\/pt-pt\/wp-json\/wp\/v2\/media\/34198"}],"wp:attachment":[{"href":"https:\/\/www.babcock-wanson.com\/pt-pt\/wp-json\/wp\/v2\/media?parent=34205"}],"wp:term":[{"taxonomy":"category","embeddable":true,"href":"https:\/\/www.babcock-wanson.com\/pt-pt\/wp-json\/wp\/v2\/categories?post=34205"},{"taxonomy":"post_tag","embeddable":true,"href":"https:\/\/www.babcock-wanson.com\/pt-pt\/wp-json\/wp\/v2\/tags?post=34205"}],"curies":[{"name":"wp","href":"https:\/\/api.w.org\/{rel}","templated":true}]}}